{"id":748,"date":"2009-04-29T21:47:58","date_gmt":"2009-04-29T20:47:58","guid":{"rendered":"http:\/\/flurakus.ch\/wp\/?p=748"},"modified":"2009-04-29T21:50:13","modified_gmt":"2009-04-29T20:50:13","slug":"some-ordinary-pictures-from-riccione-italy","status":"publish","type":"post","link":"https:\/\/flurakus.ch\/wp\/?p=748","title":{"rendered":"Some ordinary Pictures from Riccione (Italy)"},"content":{"rendered":"<div style=\"text-align: left; padding: 3px;\"><a title=\"photo sharing\" href=\"http:\/\/www.flickr.com\/photos\/markusbaumgartner\/3487110058\/\"><img decoding=\"async\" src=\"http:\/\/farm4.static.flickr.com\/3556\/3487110058_aceafb4a69.jpg\" alt=\"\" \/><\/a><\/p>\n<p><span style=\"font-size: 0.8em; margin-top: 0px;\"><a href=\"http:\/\/www.flickr.com\/photos\/markusbaumgartner\/3487110058\/\">Hafen Riccione<\/a>, originally uploaded by <a href=\"http:\/\/www.flickr.com\/people\/markusbaumgartner\/\">markusbaumgartner<\/a>.<\/span><\/div>\n<p>Letzte Woche &#8220;qu\u00e4lte&#8221; sich Markus zusammen mit drei Freunden in Riccione beim voll durchorganisierten Radfahren. Hier der \u00fcbliche Tagesablauf:<\/p>\n<p>8.00 Uhr viiieel Fr\u00fchst\u00fcck \/ 9.30 Uhr auf dem Rad ab ins Hinterland \/ 14.00 Uhr meistens nudelfertig zur\u00fcck \/ 14.30 Pastabuffet und so \/ Danach meistens Erdinger Pause mit K\u00f6rperpflege und gelegentlichem Veloflicken \/ 19.30 Uhr Nachtessen und Bar \/ 22.30 Uhr Schnarch.<\/p>\n<p>Dennoch blieb hie und da noch etwas Zeit f\u00fcr ein paar ganz &#8220;normale&#8221; Urlaubfotos aus der Umgebung:<\/p>\n<p><a href=\"http:\/\/www.flickr.com\/photos\/markusbaumgartner\/sets\/72157617393741511\/\">http:\/\/www.flickr.com\/photos\/markusbaumgartner\/sets\/72157617393741511\/<\/a><\/p>\n","protected":false},"excerpt":{"rendered":"<p>Hafen Riccione, originally uploaded by markusbaumgartner. Letzte Woche &#8220;qu\u00e4lte&#8221; sich Markus zusammen mit drei Freunden in Riccione beim voll durchorganisierten Radfahren. Hier der \u00fcbliche Tagesablauf: 8.00 Uhr viiieel Fr\u00fchst\u00fcck \/ 9.30 Uhr auf dem Rad ab ins Hinterland \/ 14.00 Uhr meistens nudelfertig zur\u00fcck \/ 14.30 Pastabuffet und so \/ Danach meistens Erdinger Pause mit [&hellip;]<\/p>\n","protected":false},"author":2,"featured_media":0,"comment_status":"open","ping_status":"open","sticky":false,"template":"","format":"standard","meta":{"footnotes":""},"categories":[176,196,41],"tags":[251,129,255],"class_list":["post-748","post","type-post","status-publish","format-standard","hentry","category-fotoimpressionen","category-on-the-road","category-sport","tag-hotel-belvedere","tag-radfahren","tag-riccione"],"_links":{"self":[{"href":"https:\/\/flurakus.ch\/wp\/index.php?rest_route=\/wp\/v2\/posts\/748","targetHints":{"allow":["GET"]}}],"collection":[{"href":"https:\/\/flurakus.ch\/wp\/index.php?rest_route=\/wp\/v2\/posts"}],"about":[{"href":"https:\/\/flurakus.ch\/wp\/index.php?rest_route=\/wp\/v2\/types\/post"}],"author":[{"embeddable":true,"href":"https:\/\/flurakus.ch\/wp\/index.php?rest_route=\/wp\/v2\/users\/2"}],"replies":[{"embeddable":true,"href":"https:\/\/flurakus.ch\/wp\/index.php?rest_route=%2Fwp%2Fv2%2Fcomments&post=748"}],"version-history":[{"count":2,"href":"https:\/\/flurakus.ch\/wp\/index.php?rest_route=\/wp\/v2\/posts\/748\/revisions"}],"predecessor-version":[{"id":749,"href":"https:\/\/flurakus.ch\/wp\/index.php?rest_route=\/wp\/v2\/posts\/748\/revisions\/749"}],"wp:attachment":[{"href":"https:\/\/flurakus.ch\/wp\/index.php?rest_route=%2Fwp%2Fv2%2Fmedia&parent=748"}],"wp:term":[{"taxonomy":"category","embeddable":true,"href":"https:\/\/flurakus.ch\/wp\/index.php?rest_route=%2Fwp%2Fv2%2Fcategories&post=748"},{"taxonomy":"post_tag","embeddable":true,"href":"https:\/\/flurakus.ch\/wp\/index.php?rest_route=%2Fwp%2Fv2%2Ftags&post=748"}],"curies":[{"name":"wp","href":"https:\/\/api.w.org\/{rel}","templated":true}]}}