{"id":439,"date":"2009-02-09T23:51:40","date_gmt":"2009-02-09T22:51:40","guid":{"rendered":"http:\/\/flurakus.ch\/wp\/?p=439"},"modified":"2009-02-09T23:51:40","modified_gmt":"2009-02-09T22:51:40","slug":"morgen-ist-sturmtag","status":"publish","type":"post","link":"https:\/\/flurakus.ch\/wp\/?p=439","title":{"rendered":"Morgen ist Sturmtag"},"content":{"rendered":"<p><img loading=\"lazy\" decoding=\"async\" class=\"alignleft size-full wp-image-440\" title=\"wintersturm\" src=\"http:\/\/flurakus.ch\/wp\/wp-content\/uploads\/2009\/02\/wintersturm.jpg\" alt=\"wintersturm\" width=\"200\" height=\"150\" \/>Morgen erwartet die Schweiz zwei St\u00fcrme: ein echter <a href=\"http:\/\/www.tagesanzeiger.ch\/schweiz\/standard\/Ein-wilder-Sturm-kommt-auf\/story\/13367807\" target=\"_blank\">Wintersturm<\/a> und die <a href=\"http:\/\/www.tagesanzeiger.ch\/wirtschaft\/unternehmen-und-konjunktur\/Was-von-der-UBS-zu-erwarten-ist\/story\/25118307\" target=\"_blank\">Pr\u00e4sentation des UBS-Jahresergebnisses<\/a>. Fragt sich nur, bei welchem der beiden Ereignisse\u00a0man sich\u00a0w\u00e4rmer anziehen muss?<\/p>\n<p>Leider bei beiden: Beim Wintersturm W\u00c4HREND und bei der Grossbank DANACH. Alles andere als ein grossangelegter Stellenabbau w\u00fcrde wohl von der B\u00f6rse schlecht goutiert. Und noch immer stellt sich die Frage: Wann ist der Boden des Fasses eigentlich nun wirklich erreicht?<\/p>\n<p>Oder bildlich gefragt: Wann befinden wir uns endlich\u00a0im Auge des Sturms? Da w\u00fcsste man wenigstens wo man steht und was noch auf einen zukommt!<\/p>\n","protected":false},"excerpt":{"rendered":"<p>Morgen erwartet die Schweiz zwei St\u00fcrme: ein echter Wintersturm und die Pr\u00e4sentation des UBS-Jahresergebnisses. Fragt sich nur, bei welchem der beiden Ereignisse\u00a0man sich\u00a0w\u00e4rmer anziehen muss? Leider bei beiden: Beim Wintersturm W\u00c4HREND und bei der Grossbank DANACH. Alles andere als ein grossangelegter Stellenabbau w\u00fcrde wohl von der B\u00f6rse schlecht goutiert. Und noch immer stellt sich die [&hellip;]<\/p>\n","protected":false},"author":2,"featured_media":0,"comment_status":"open","ping_status":"open","sticky":false,"template":"","format":"standard","meta":{"footnotes":""},"categories":[25],"tags":[92,60],"class_list":["post-439","post","type-post","status-publish","format-standard","hentry","category-wirtschaft","tag-finanzkrise","tag-ubs"],"_links":{"self":[{"href":"https:\/\/flurakus.ch\/wp\/index.php?rest_route=\/wp\/v2\/posts\/439","targetHints":{"allow":["GET"]}}],"collection":[{"href":"https:\/\/flurakus.ch\/wp\/index.php?rest_route=\/wp\/v2\/posts"}],"about":[{"href":"https:\/\/flurakus.ch\/wp\/index.php?rest_route=\/wp\/v2\/types\/post"}],"author":[{"embeddable":true,"href":"https:\/\/flurakus.ch\/wp\/index.php?rest_route=\/wp\/v2\/users\/2"}],"replies":[{"embeddable":true,"href":"https:\/\/flurakus.ch\/wp\/index.php?rest_route=%2Fwp%2Fv2%2Fcomments&post=439"}],"version-history":[{"count":5,"href":"https:\/\/flurakus.ch\/wp\/index.php?rest_route=\/wp\/v2\/posts\/439\/revisions"}],"predecessor-version":[{"id":445,"href":"https:\/\/flurakus.ch\/wp\/index.php?rest_route=\/wp\/v2\/posts\/439\/revisions\/445"}],"wp:attachment":[{"href":"https:\/\/flurakus.ch\/wp\/index.php?rest_route=%2Fwp%2Fv2%2Fmedia&parent=439"}],"wp:term":[{"taxonomy":"category","embeddable":true,"href":"https:\/\/flurakus.ch\/wp\/index.php?rest_route=%2Fwp%2Fv2%2Fcategories&post=439"},{"taxonomy":"post_tag","embeddable":true,"href":"https:\/\/flurakus.ch\/wp\/index.php?rest_route=%2Fwp%2Fv2%2Ftags&post=439"}],"curies":[{"name":"wp","href":"https:\/\/api.w.org\/{rel}","templated":true}]}}