{"id":432,"date":"2009-02-08T23:04:17","date_gmt":"2009-02-08T22:04:17","guid":{"rendered":"http:\/\/flurakus.ch\/wp\/?p=432"},"modified":"2009-02-09T09:53:34","modified_gmt":"2009-02-09T08:53:34","slug":"bitte-notausgang-freihalten","status":"publish","type":"post","link":"https:\/\/flurakus.ch\/wp\/?p=432","title":{"rendered":"Bitte Notausgang freihalten"},"content":{"rendered":"<p><img loading=\"lazy\" decoding=\"async\" class=\"aligncenter size-full wp-image-433\" title=\"notausgangfreihalten\" src=\"http:\/\/flurakus.ch\/wp\/wp-content\/uploads\/2009\/02\/notausgangfreihalten.gif\" alt=\"notausgangfreihalten\" width=\"600\" height=\"150\" srcset=\"https:\/\/flurakus.ch\/wp\/wp-content\/uploads\/2009\/02\/notausgangfreihalten.gif 600w, https:\/\/flurakus.ch\/wp\/wp-content\/uploads\/2009\/02\/notausgangfreihalten-300x75.gif 300w\" sizes=\"auto, (max-width: 600px) 100vw, 600px\" \/><\/p>\n<p>Die Z\u00fcr<span style=\"text-decoration: line-through;\">i<\/span>cher Stimmb\u00fcrger haben heute <a href=\"http:\/\/www.spiegel.de\/wirtschaft\/0,1518,606280,00.html\" target=\"_blank\">entschieden<\/a>, die Pauschalbesteuerung f\u00fcr verm\u00f6gende Ausl\u00e4nder aufzuheben. Gleichzeitig wurde auch die Personenfreiz\u00fcgigkeit erneut best\u00e4tigt. Klug wie ich bin, sehe ich den Zusammenhang dieser beiden Abstimmungen: Sie erm\u00f6glichen nun weiterhin auch die Massenr\u00fcckkehr von <span style=\"text-decoration: line-through;\">ausl\u00e4ndischen<\/span> angeblichen Steuerfl\u00fcchtlingen\u00a0zur\u00fcck\u00a0ins erweiterte Europa&#8230; ;-)<\/p>\n","protected":false},"excerpt":{"rendered":"<p>Die Z\u00fcricher Stimmb\u00fcrger haben heute entschieden, die Pauschalbesteuerung f\u00fcr verm\u00f6gende Ausl\u00e4nder aufzuheben. Gleichzeitig wurde auch die Personenfreiz\u00fcgigkeit erneut best\u00e4tigt. Klug wie ich bin, sehe ich den Zusammenhang dieser beiden Abstimmungen: Sie erm\u00f6glichen nun weiterhin auch die Massenr\u00fcckkehr von ausl\u00e4ndischen angeblichen Steuerfl\u00fcchtlingen\u00a0zur\u00fcck\u00a0ins erweiterte Europa&#8230; ;-)<\/p>\n","protected":false},"author":2,"featured_media":0,"comment_status":"open","ping_status":"open","sticky":false,"template":"","format":"standard","meta":{"footnotes":""},"categories":[7,8,25],"tags":[212],"class_list":["post-432","post","type-post","status-publish","format-standard","hentry","category-politik","category-satire-geschichten","category-wirtschaft","tag-steuern"],"_links":{"self":[{"href":"https:\/\/flurakus.ch\/wp\/index.php?rest_route=\/wp\/v2\/posts\/432","targetHints":{"allow":["GET"]}}],"collection":[{"href":"https:\/\/flurakus.ch\/wp\/index.php?rest_route=\/wp\/v2\/posts"}],"about":[{"href":"https:\/\/flurakus.ch\/wp\/index.php?rest_route=\/wp\/v2\/types\/post"}],"author":[{"embeddable":true,"href":"https:\/\/flurakus.ch\/wp\/index.php?rest_route=\/wp\/v2\/users\/2"}],"replies":[{"embeddable":true,"href":"https:\/\/flurakus.ch\/wp\/index.php?rest_route=%2Fwp%2Fv2%2Fcomments&post=432"}],"version-history":[{"count":5,"href":"https:\/\/flurakus.ch\/wp\/index.php?rest_route=\/wp\/v2\/posts\/432\/revisions"}],"predecessor-version":[{"id":438,"href":"https:\/\/flurakus.ch\/wp\/index.php?rest_route=\/wp\/v2\/posts\/432\/revisions\/438"}],"wp:attachment":[{"href":"https:\/\/flurakus.ch\/wp\/index.php?rest_route=%2Fwp%2Fv2%2Fmedia&parent=432"}],"wp:term":[{"taxonomy":"category","embeddable":true,"href":"https:\/\/flurakus.ch\/wp\/index.php?rest_route=%2Fwp%2Fv2%2Fcategories&post=432"},{"taxonomy":"post_tag","embeddable":true,"href":"https:\/\/flurakus.ch\/wp\/index.php?rest_route=%2Fwp%2Fv2%2Ftags&post=432"}],"curies":[{"name":"wp","href":"https:\/\/api.w.org\/{rel}","templated":true}]}}