{"id":3772,"date":"2012-01-15T17:05:00","date_gmt":"2012-01-15T16:05:00","guid":{"rendered":"http:\/\/flurakus.ch\/wp\/?p=3772"},"modified":"2012-01-22T11:19:18","modified_gmt":"2012-01-22T10:19:18","slug":"beim-langlaufen-zu-kurz-gekommen","status":"publish","type":"post","link":"https:\/\/flurakus.ch\/wp\/?p=3772","title":{"rendered":"Beim Langlaufen zu kurz gekommen"},"content":{"rendered":"<div style=\"text-align: left; padding: 3px;\"><a title=\"photo sharing\" href=\"http:\/\/www.flickr.com\/photos\/markusbaumgartner\/6701284589\/\"><img decoding=\"async\" src=\"http:\/\/farm8.staticflickr.com\/7007\/6701284589_e2d30f8650.jpg\" alt=\"\" \/><\/a><\/p>\n<p><span style=\"font-size: 0.8em; margin-top: 0px;\"><a href=\"http:\/\/www.flickr.com\/photos\/markusbaumgartner\/6701284589\/\">Schwedentritt<\/a>, originally uploaded by <a href=\"http:\/\/www.flickr.com\/photos\/markusbaumgartner\/\">MarkusBaumgartner<\/a>.<\/span><\/div>\n<p>Als ich heute in Einsiedeln meine Langlaufskier anschallte und losfahren wollte, merkte ich, dass etwas nicht stimmt.<\/p>\n<p>&#8220;So ein Mist!&#8221;, ich hatte irrt\u00fcmlich die 1.60er St\u00f6cke von Flurina eingepackt, statt meine 1.80er. F\u00fcrs Denken war es wohl noch zu fr\u00fch heute Morgen um 10 Uhr&#8230;<\/p>\n<p>Zum Gl\u00fcck konnte ich im Startgel\u00e4nde andere St\u00f6cke mieten. Leider hatten sie nur 170er, mit dem Effekt, dass meine Schultern und mein R\u00fccken nun verspannt sind.<\/p>\n<p>Daf\u00fcr konnte ich das pr\u00e4chtige Wetter und die schnelle Loipe geniessen. Da spielt es weniger eine Rolle, dass halt f\u00fcr einmal etwas anderes zu kurz gekommen ist ;-)<\/p>\n","protected":false},"excerpt":{"rendered":"<p>Schwedentritt, originally uploaded by MarkusBaumgartner. Als ich heute in Einsiedeln meine Langlaufskier anschallte und losfahren wollte, merkte ich, dass etwas nicht stimmt. &#8220;So ein Mist!&#8221;, ich hatte irrt\u00fcmlich die 1.60er St\u00f6cke von Flurina eingepackt, statt meine 1.80er. F\u00fcrs Denken war es wohl noch zu fr\u00fch heute Morgen um 10 Uhr&#8230; Zum Gl\u00fcck konnte ich im [&hellip;]<\/p>\n","protected":false},"author":2,"featured_media":0,"comment_status":"open","ping_status":"open","sticky":false,"template":"","format":"standard","meta":{"footnotes":""},"categories":[41],"tags":[600,229,601],"class_list":["post-3772","post","type-post","status-publish","format-standard","hentry","category-sport","tag-einsiedeln","tag-langlauf","tag-schwedentritt"],"_links":{"self":[{"href":"https:\/\/flurakus.ch\/wp\/index.php?rest_route=\/wp\/v2\/posts\/3772","targetHints":{"allow":["GET"]}}],"collection":[{"href":"https:\/\/flurakus.ch\/wp\/index.php?rest_route=\/wp\/v2\/posts"}],"about":[{"href":"https:\/\/flurakus.ch\/wp\/index.php?rest_route=\/wp\/v2\/types\/post"}],"author":[{"embeddable":true,"href":"https:\/\/flurakus.ch\/wp\/index.php?rest_route=\/wp\/v2\/users\/2"}],"replies":[{"embeddable":true,"href":"https:\/\/flurakus.ch\/wp\/index.php?rest_route=%2Fwp%2Fv2%2Fcomments&post=3772"}],"version-history":[{"count":2,"href":"https:\/\/flurakus.ch\/wp\/index.php?rest_route=\/wp\/v2\/posts\/3772\/revisions"}],"predecessor-version":[{"id":3789,"href":"https:\/\/flurakus.ch\/wp\/index.php?rest_route=\/wp\/v2\/posts\/3772\/revisions\/3789"}],"wp:attachment":[{"href":"https:\/\/flurakus.ch\/wp\/index.php?rest_route=%2Fwp%2Fv2%2Fmedia&parent=3772"}],"wp:term":[{"taxonomy":"category","embeddable":true,"href":"https:\/\/flurakus.ch\/wp\/index.php?rest_route=%2Fwp%2Fv2%2Fcategories&post=3772"},{"taxonomy":"post_tag","embeddable":true,"href":"https:\/\/flurakus.ch\/wp\/index.php?rest_route=%2Fwp%2Fv2%2Ftags&post=3772"}],"curies":[{"name":"wp","href":"https:\/\/api.w.org\/{rel}","templated":true}]}}