{"id":3700,"date":"2011-12-11T20:07:32","date_gmt":"2011-12-11T19:07:32","guid":{"rendered":"http:\/\/flurakus.ch\/wp\/?p=3700"},"modified":"2011-12-11T22:25:02","modified_gmt":"2011-12-11T21:25:02","slug":"eine-vorweihnachtliche-tour-de-tsuri","status":"publish","type":"post","link":"https:\/\/flurakus.ch\/wp\/?p=3700","title":{"rendered":"Eine vorweihnachtliche Tour de Ts\u00fcri"},"content":{"rendered":"<div style=\"text-align: left; padding: 3px;\"><a title=\"photo sharing\" href=\"http:\/\/www.flickr.com\/photos\/markusbaumgartner\/6494095401\/\"><img decoding=\"async\" src=\"http:\/\/farm8.staticflickr.com\/7035\/6494095401_8fed7c6849.jpg\" alt=\"\" \/><\/a><\/div>\n<div style=\"text-align: left; padding: 3px;\"><span style=\"font-size: 0.8em; margin-top: 0px;\"><a href=\"http:\/\/www.flickr.com\/photos\/markusbaumgartner\/6494095401\/\">Eine vorweihnachtliche Tour de Ts\u00fcri<\/a>, originally uploaded by <a href=\"http:\/\/www.flickr.com\/photos\/markusbaumgartner\/\">MarkusBaumgartner<\/a>.<\/span><\/div>\n<p>Die eigene Stadt kennt man oft am wenigsten. Heute Nachmittag starteten wir deshalb zur Teilerkundung von Z\u00fcrich.<\/p>\n<p>Wir setzten uns beim Escher-Wyss-Platz ins Tram Nr. 4, welches neu unter der Hardbr\u00fccke via Pfingstweid- und Aargauerstrasse zum Bahnhof Altstetten f\u00e4hrt. Dort blieben wir gleich sitzen, kehrten wieder um und beendeten unser Urban-Sightseeing beim HB Z\u00fcrich.<\/p>\n<p>In der Bahnhofshalle \u00fcberstrahlte der Weihnachtsbaum vom Swarovski im kitschigen Kristallglanz die Marktst\u00e4nde. Es wimmelte von Leuten. Bloss raus hier und ab in eine ruhige Bar!<\/p>\n<p>Doch eigentlich hatten wir Hunger. Die &#8220;Walliser Kanne&#8221; kam uns deshalb gerade recht. Wie echte Touristen st\u00fcrzten wir hinein und bestellten standesgem\u00e4ss Z\u00fcri Geschnetzeltes, oder so \u00e4hnlich. Stattdessen kam ein Caquelon Fondue. Auch gut.<\/p>\n<p>Auf dem Nachhauseweg traversierten wir Nachbars Garten und scheuten einen Schneemann sowie ein paar Rehe auf. Fehlt bloss noch der Schnee&#8230;<\/p>\n","protected":false},"excerpt":{"rendered":"<p>Eine vorweihnachtliche Tour de Ts\u00fcri, originally uploaded by MarkusBaumgartner. Die eigene Stadt kennt man oft am wenigsten. Heute Nachmittag starteten wir deshalb zur Teilerkundung von Z\u00fcrich. Wir setzten uns beim Escher-Wyss-Platz ins Tram Nr. 4, welches neu unter der Hardbr\u00fccke via Pfingstweid- und Aargauerstrasse zum Bahnhof Altstetten f\u00e4hrt. Dort blieben wir gleich sitzen, kehrten wieder [&hellip;]<\/p>\n","protected":false},"author":2,"featured_media":0,"comment_status":"open","ping_status":"open","sticky":false,"template":"","format":"standard","meta":{"footnotes":""},"categories":[196],"tags":[267],"class_list":["post-3700","post","type-post","status-publish","format-standard","hentry","category-on-the-road","tag-zurich"],"_links":{"self":[{"href":"https:\/\/flurakus.ch\/wp\/index.php?rest_route=\/wp\/v2\/posts\/3700","targetHints":{"allow":["GET"]}}],"collection":[{"href":"https:\/\/flurakus.ch\/wp\/index.php?rest_route=\/wp\/v2\/posts"}],"about":[{"href":"https:\/\/flurakus.ch\/wp\/index.php?rest_route=\/wp\/v2\/types\/post"}],"author":[{"embeddable":true,"href":"https:\/\/flurakus.ch\/wp\/index.php?rest_route=\/wp\/v2\/users\/2"}],"replies":[{"embeddable":true,"href":"https:\/\/flurakus.ch\/wp\/index.php?rest_route=%2Fwp%2Fv2%2Fcomments&post=3700"}],"version-history":[{"count":3,"href":"https:\/\/flurakus.ch\/wp\/index.php?rest_route=\/wp\/v2\/posts\/3700\/revisions"}],"predecessor-version":[{"id":3704,"href":"https:\/\/flurakus.ch\/wp\/index.php?rest_route=\/wp\/v2\/posts\/3700\/revisions\/3704"}],"wp:attachment":[{"href":"https:\/\/flurakus.ch\/wp\/index.php?rest_route=%2Fwp%2Fv2%2Fmedia&parent=3700"}],"wp:term":[{"taxonomy":"category","embeddable":true,"href":"https:\/\/flurakus.ch\/wp\/index.php?rest_route=%2Fwp%2Fv2%2Fcategories&post=3700"},{"taxonomy":"post_tag","embeddable":true,"href":"https:\/\/flurakus.ch\/wp\/index.php?rest_route=%2Fwp%2Fv2%2Ftags&post=3700"}],"curies":[{"name":"wp","href":"https:\/\/api.w.org\/{rel}","templated":true}]}}