{"id":3532,"date":"2011-09-13T23:41:31","date_gmt":"2011-09-13T22:41:31","guid":{"rendered":"http:\/\/flurakus.ch\/wp\/?p=3532"},"modified":"2011-09-13T23:42:40","modified_gmt":"2011-09-13T22:42:40","slug":"social-media-politik-pokert-die-funfte","status":"publish","type":"post","link":"https:\/\/flurakus.ch\/wp\/?p=3532","title":{"rendered":"Social Media &#038; Politik &#8211; #pokeRT die F\u00fcnfte"},"content":{"rendered":"<p><img loading=\"lazy\" decoding=\"async\" class=\"alignnone size-full wp-image-3533\" title=\"pokeRTpolitik\" src=\"http:\/\/flurakus.ch\/wp\/wp-content\/uploads\/2011\/09\/pokeRTpolitik.jpg\" alt=\"\" width=\"500\" height=\"179\" srcset=\"https:\/\/flurakus.ch\/wp\/wp-content\/uploads\/2011\/09\/pokeRTpolitik.jpg 500w, https:\/\/flurakus.ch\/wp\/wp-content\/uploads\/2011\/09\/pokeRTpolitik-300x107.jpg 300w\" sizes=\"auto, (max-width: 500px) 100vw, 500px\" \/><\/p>\n<p>&#8220;Ein paar Like-Klicks auf politischen Facebook-Seiten machen noch lange keine politische Aktivit\u00e4t aus!&#8221;, etwa so oder \u00e4hnlich formulierte es treffend der Podiumsteilnehmer <a href=\"http:\/\/twitter.com\/ronniegrob\" target=\"_blank\">Ronnie Grob<\/a> (Journalist\/Blogger) an der f\u00fcnften <a href=\"http:\/\/www.pokert.ch\/2011\/08\/zh-politik-talk-rob-holub-vinyl-kosmos-und-ganz-viel-social-media-bereit-fur-die-nachste-pokert-am-13-september\/\" target=\"_blank\">pokeRT-Party<\/a> im Plaza Klub Z\u00fcrich.<\/p>\n<p>Zusammen mit <a href=\"http:\/\/twitter.com\/mbinswanger\" target=\"_blank\">Mich\u00e8le Binswanger<\/a> (Tagi\/Newsnetz), <a href=\"http:\/\/twitter.com\/NatalieRickli\" target=\"_blank\">Natalie Rickli<\/a> (SVP), <a href=\"http:\/\/twitter.com\/ewyler\" target=\"_blank\">Emanuel Wyler<\/a> (SP) und dem Moderatoren-Team <a href=\"http:\/\/twitter.com\/tanjadankner\" target=\"_blank\">Tanja Dankner<\/a> \/<a href=\"http:\/\/twitter.com\/politnetzCH\" target=\"_blank\">Andreas Amsler<\/a> (Politznetz) diskutierte er \u00fcber die Rolle von Social Media in Wahlkampf und Politik.<\/p>\n<p>Das Gespr\u00e4ch fand in angenehm sachlicher Atmosph\u00e4re statt, wobei sich der eine oder die andere Zuschauer\/-in vielleicht gerne einen auflockernden, virtuellen Schlagabtausch zwischen den SP- und SVP-Exponenten erhofft h\u00e4tte&#8230;<\/p>\n<p>Wie schon bei andern pokeRT-Talks zu Themen wie <a href=\"http:\/\/flurakus.ch\/wp\/?p=2698\" target=\"_blank\">Medienfinanzierung<\/a>, <a href=\"http:\/\/flurakus.ch\/wp\/?p=2908\" target=\"_blank\">Fernsehen<\/a> oder etwa <a href=\"http:\/\/flurakus.ch\/wp\/?p=3114\" target=\"_blank\">Radio<\/a> war man sich (logischerweise) einig, dass Social Media eine Rolle spielt, aber noch keine allein entscheidende.<\/p>\n<p><!--more-->Ich hoffe, in ein paar Jahren wird man etwas schmunzelnd auf das anf\u00e4ngliche Z\u00f6gern des Establishments bei der Nutzung dieser Netzwerke zur\u00fcckblicken. Gegen Ende der Gespr\u00e4chsrunde wurde noch E-Voting ins Spiel gebracht. Dazu reichte aber die Zeit nicht mehr. Sowieso ein <a href=\"http:\/\/www.direktedemokratie.com\/2011\/07\/18\/geheimsache-e-voting-in-der-schweiz\/\" target=\"_blank\">abendf\u00fcllendes Thema<\/a>&#8230;<\/p>\n<p>Das musikalische Programm gestalteten DJ Singha Dee und\u00a0<a href=\"http:\/\/twitter.com\/robholub\" target=\"_blank\">Rob Holub<\/a>, ein Singer\/Songwriter aus New York mit sch\u00f6nstem Bernerdialekt. W\u00e4hrend seines Konzertes fiel mir auf, dass der &#8220;Nerd-Anteil&#8221; bei pokeRT im Vergleich zu den ersten Ausgaben der Party-Reihe etwas gesunken ist. Das Publikum schien mir etwas gemischter? Mehr Frauen?<\/p>\n<p>Wie auch immer. Mir hat&#8217;s gefallen, insbesondere auch die Gespr\u00e4che mit den &#8220;\u00fcblichen Verd\u00e4chtigen&#8221; und Twitterfreunden vor, w\u00e4hrend und nach den Events. Zudem gratuliere ich den <a href=\"http:\/\/www.pokert.ch\/partner-und-sponsoren\/\" target=\"_blank\">Organisatoren und Sponsoren<\/a>\u00a0herzlich zur f\u00fcnften pokeRT. Ein Jubil\u00e4um, quasi.<\/p>\n","protected":false},"excerpt":{"rendered":"<p>&#8220;Ein paar Like-Klicks auf politischen Facebook-Seiten machen noch lange keine politische Aktivit\u00e4t aus!&#8221;, etwa so oder \u00e4hnlich formulierte es treffend der Podiumsteilnehmer Ronnie Grob (Journalist\/Blogger) an der f\u00fcnften pokeRT-Party im Plaza Klub Z\u00fcrich. Zusammen mit Mich\u00e8le Binswanger (Tagi\/Newsnetz), Natalie Rickli (SVP), Emanuel Wyler (SP) und dem Moderatoren-Team Tanja Dankner \/Andreas Amsler (Politznetz) diskutierte er \u00fcber [&hellip;]<\/p>\n","protected":false},"author":2,"featured_media":0,"comment_status":"open","ping_status":"open","sticky":false,"template":"","format":"standard","meta":{"footnotes":""},"categories":[7,504],"tags":[511],"class_list":["post-3532","post","type-post","status-publish","format-standard","hentry","category-politik","category-social-networking","tag-pokert"],"_links":{"self":[{"href":"https:\/\/flurakus.ch\/wp\/index.php?rest_route=\/wp\/v2\/posts\/3532","targetHints":{"allow":["GET"]}}],"collection":[{"href":"https:\/\/flurakus.ch\/wp\/index.php?rest_route=\/wp\/v2\/posts"}],"about":[{"href":"https:\/\/flurakus.ch\/wp\/index.php?rest_route=\/wp\/v2\/types\/post"}],"author":[{"embeddable":true,"href":"https:\/\/flurakus.ch\/wp\/index.php?rest_route=\/wp\/v2\/users\/2"}],"replies":[{"embeddable":true,"href":"https:\/\/flurakus.ch\/wp\/index.php?rest_route=%2Fwp%2Fv2%2Fcomments&post=3532"}],"version-history":[{"count":11,"href":"https:\/\/flurakus.ch\/wp\/index.php?rest_route=\/wp\/v2\/posts\/3532\/revisions"}],"predecessor-version":[{"id":3544,"href":"https:\/\/flurakus.ch\/wp\/index.php?rest_route=\/wp\/v2\/posts\/3532\/revisions\/3544"}],"wp:attachment":[{"href":"https:\/\/flurakus.ch\/wp\/index.php?rest_route=%2Fwp%2Fv2%2Fmedia&parent=3532"}],"wp:term":[{"taxonomy":"category","embeddable":true,"href":"https:\/\/flurakus.ch\/wp\/index.php?rest_route=%2Fwp%2Fv2%2Fcategories&post=3532"},{"taxonomy":"post_tag","embeddable":true,"href":"https:\/\/flurakus.ch\/wp\/index.php?rest_route=%2Fwp%2Fv2%2Ftags&post=3532"}],"curies":[{"name":"wp","href":"https:\/\/api.w.org\/{rel}","templated":true}]}}