{"id":33,"date":"2008-04-09T19:35:00","date_gmt":"2008-04-09T18:35:00","guid":{"rendered":"http:\/\/flurakus.ch\/wp\/?p=33"},"modified":"2009-01-18T22:26:14","modified_gmt":"2009-01-18T21:26:14","slug":"ansteckendes-krisen-lachen","status":"publish","type":"post","link":"https:\/\/flurakus.ch\/wp\/?p=33","title":{"rendered":"Ansteckendes Krisen-Lachen"},"content":{"rendered":"<p>Mein Blog hat &#8216;ne kleine Schw\u00e4che f\u00fcr scheinbar unsinnige Bild-Text-Kombinationen in den Medien. Hier ein aktuelles Beispiel von Spiegel-Online:<\/p>\n<p><img loading=\"lazy\" decoding=\"async\" class=\"aligncenter size-full wp-image-175\" title=\"ackermannfinanzkrise\" src=\"http:\/\/flurakus.ch\/wp\/wp-content\/uploads\/2008\/04\/ackermannfinanzkrise.jpg\" alt=\"ackermannfinanzkrise\" width=\"450\" height=\"288\" srcset=\"https:\/\/flurakus.ch\/wp\/wp-content\/uploads\/2008\/04\/ackermannfinanzkrise.jpg 450w, https:\/\/flurakus.ch\/wp\/wp-content\/uploads\/2008\/04\/ackermannfinanzkrise-300x192.jpg 300w\" sizes=\"auto, (max-width: 450px) 100vw, 450px\" \/><\/p>\n<p>\u00a0<\/p>\n<p>Das Thema im entsprechenden <a href=\"http:\/\/www.spiegel.de\/wirtschaft\/0,1518,546424,00.html\">Artikel<\/a>: Taskforce gegen Finanzkrisen. System-Status: Kritisch. Das Bild dazu: Herr Ackermann lacht.<\/p>\n<p>Ich mag dem Mann sein sonniges Gem\u00fct von Herzen g\u00f6nnen. Aber den Online-Redaktoren von Spiegel gebe ich f\u00fcr ihre Bild-Text-Kombination die Note &#8220;ungen\u00fcgend&#8221;. Sachlich betrachtet. Denn ich nehme wohl kaum an, Herr Ackermann hat die Taskforce-Idee am IIF lachend pr\u00e4sentiert, oder? Wer war dabei?<\/p>\n<p>Emotional gesehen finde ich die Illustration zu diesem Artikel allerdings genial: Dem rezessionsparanoiden Leser wird signalisiert:<\/p>\n<p>&#8220;Keine Angst, es ist noch nicht aller Tage Abend. Da gibt es noch Leute in der Finanzbranche, welche sich die Party nicht verderben lassen, anpackend in die Zukunft blicken und trotzdem noch Freude an ihrem Job haben. Hey, lasst euch also nicht von der Krise, sondern von Herrn Ackermanns Lachen anstecken!&#8221;<\/p>\n<p>&#8212;&#8212;&#8212;&#8212;&#8212;&#8212;&#8212;&#8212;&#8212;&#8212;<br \/>\nNachtrag, 20.15 Uhr:<\/p>\n<p>Mittlerweile hat sich auch <a href=\"http:\/\/www.nzz.ch\/nachrichten\/wirtschaft\/aktuell\/banken_finanzkrise_iif_1.705673.html\">NZZ-Online<\/a> des Themas bem\u00e4chtigt. Die dortigen Redakteure verstehen allerdings weniger Spass und stellen die Angelegenheit visuell etwas verbissener dar:<\/p>\n<p><img loading=\"lazy\" decoding=\"async\" class=\"aligncenter size-full wp-image-176\" title=\"ackermannnzz\" src=\"http:\/\/flurakus.ch\/wp\/wp-content\/uploads\/2008\/04\/ackermannnzz.jpg\" alt=\"ackermannnzz\" width=\"450\" height=\"213\" srcset=\"https:\/\/flurakus.ch\/wp\/wp-content\/uploads\/2008\/04\/ackermannnzz.jpg 450w, https:\/\/flurakus.ch\/wp\/wp-content\/uploads\/2008\/04\/ackermannnzz-300x142.jpg 300w\" sizes=\"auto, (max-width: 450px) 100vw, 450px\" \/><\/p>\n<p>\u00a0<\/p>\n<p>Da\u00a0vergeht einem ja sogleich jeglicher vorhin kurz aufflammender <em>[jetzt nicht an Olympia denken!]<\/em> Optimismus :-(<\/p>\n","protected":false},"excerpt":{"rendered":"<p>Mein Blog hat &#8216;ne kleine Schw\u00e4che f\u00fcr scheinbar unsinnige Bild-Text-Kombinationen in den Medien. Hier ein aktuelles Beispiel von Spiegel-Online: \u00a0 Das Thema im entsprechenden Artikel: Taskforce gegen Finanzkrisen. System-Status: Kritisch. Das Bild dazu: Herr Ackermann lacht. Ich mag dem Mann sein sonniges Gem\u00fct von Herzen g\u00f6nnen. Aber den Online-Redaktoren von Spiegel gebe ich f\u00fcr ihre [&hellip;]<\/p>\n","protected":false},"author":2,"featured_media":0,"comment_status":"open","ping_status":"open","sticky":false,"template":"","format":"standard","meta":{"footnotes":""},"categories":[67,25],"tags":[91,92,93],"class_list":["post-33","post","type-post","status-publish","format-standard","hentry","category-medienkritik","category-wirtschaft","tag-ackermann","tag-finanzkrise","tag-taskforce"],"_links":{"self":[{"href":"https:\/\/flurakus.ch\/wp\/index.php?rest_route=\/wp\/v2\/posts\/33","targetHints":{"allow":["GET"]}}],"collection":[{"href":"https:\/\/flurakus.ch\/wp\/index.php?rest_route=\/wp\/v2\/posts"}],"about":[{"href":"https:\/\/flurakus.ch\/wp\/index.php?rest_route=\/wp\/v2\/types\/post"}],"author":[{"embeddable":true,"href":"https:\/\/flurakus.ch\/wp\/index.php?rest_route=\/wp\/v2\/users\/2"}],"replies":[{"embeddable":true,"href":"https:\/\/flurakus.ch\/wp\/index.php?rest_route=%2Fwp%2Fv2%2Fcomments&post=33"}],"version-history":[{"count":1,"href":"https:\/\/flurakus.ch\/wp\/index.php?rest_route=\/wp\/v2\/posts\/33\/revisions"}],"predecessor-version":[{"id":177,"href":"https:\/\/flurakus.ch\/wp\/index.php?rest_route=\/wp\/v2\/posts\/33\/revisions\/177"}],"wp:attachment":[{"href":"https:\/\/flurakus.ch\/wp\/index.php?rest_route=%2Fwp%2Fv2%2Fmedia&parent=33"}],"wp:term":[{"taxonomy":"category","embeddable":true,"href":"https:\/\/flurakus.ch\/wp\/index.php?rest_route=%2Fwp%2Fv2%2Fcategories&post=33"},{"taxonomy":"post_tag","embeddable":true,"href":"https:\/\/flurakus.ch\/wp\/index.php?rest_route=%2Fwp%2Fv2%2Ftags&post=33"}],"curies":[{"name":"wp","href":"https:\/\/api.w.org\/{rel}","templated":true}]}}