{"id":3252,"date":"2011-04-30T15:06:04","date_gmt":"2011-04-30T14:06:04","guid":{"rendered":"http:\/\/flurakus.ch\/wp\/?p=3252"},"modified":"2011-04-30T15:35:27","modified_gmt":"2011-04-30T14:35:27","slug":"auf-entdeckungsreise-im-ruhrgebiet","status":"publish","type":"post","link":"https:\/\/flurakus.ch\/wp\/?p=3252","title":{"rendered":"Auf Entdeckungsreise im Ruhrgebiet"},"content":{"rendered":"<p><a href=\"http:\/\/www.flickr.com\/photos\/markusbaumgartner\/collections\/72157626488818905\/\" target=\"_blank\"><img loading=\"lazy\" decoding=\"async\" class=\"alignnone size-full wp-image-3253\" title=\"ruhrgebiet\" src=\"http:\/\/flurakus.ch\/wp\/wp-content\/uploads\/2011\/04\/ruhrgebiet.jpg\" alt=\"\" width=\"500\" height=\"180\" srcset=\"https:\/\/flurakus.ch\/wp\/wp-content\/uploads\/2011\/04\/ruhrgebiet.jpg 500w, https:\/\/flurakus.ch\/wp\/wp-content\/uploads\/2011\/04\/ruhrgebiet-300x108.jpg 300w\" sizes=\"auto, (max-width: 500px) 100vw, 500px\" \/><\/a><\/p>\n<p>Eigentlich wollten Flurina und ich schon letztes Jahr das Ruhrgebiet besuchen, als es europ\u00e4ische Kulturhauptstadt 2010 war. Doch irgendwie kam es nie dazu, wir gingen stattdessen nach Spanien und Italien. Auch nicht schlecht, oder? ;-)<\/p>\n<p>Nun holten wir unsere Endeckungsreise nach und waren sieben Tage in der Region um Duisburg und Essen unterwegs. Wir wanderten <a href=\"http:\/\/flurakus.ch\/wp\/?p=3221\">entlang des Rheins<\/a>, entdeckten den <a href=\"http:\/\/flurakus.ch\/wp\/?p=3225\">sch\u00f6nsten Strassennamen<\/a> der Welt, testeten das <a href=\"http:\/\/flurakus.ch\/wp\/?p=3227\">Bike-Sharing<\/a>, schlenderten zum <a href=\"http:\/\/flurakus.ch\/wp\/?p=3233\">Baldeneysee<\/a>, liessen uns zeitweilig in der <a href=\"http:\/\/flurakus.ch\/wp\/?p=3235\">Gartenstadt<\/a> nieder und bestaunten einen riesigen <a href=\"http:\/\/flurakus.ch\/wp\/?p=3249\">Indoor-Baum<\/a>.<\/p>\n<p><!--more-->Die Kameras waren stets dabei: ein iPhone 4 sowie eine Lumix GF1. Und so erstaunt es nicht, dass ich den Ausl\u00f6ser mehr als 500 Mal gedr\u00fcckt habe. Schwerarbeit, ein wahres Bildmassaker. Aussortiert entstanden folgende Sets:<\/p>\n<ul>\n<li><a href=\"http:\/\/www.flickr.com\/photos\/markusbaumgartner\/sets\/72157626613350132\/\" target=\"_blank\">Ruhrgebiet Industriekultur<\/a>: ehemalige Zechen und Kokereien, heute Freizeitparks und Kulturzentren<\/li>\n<li><a href=\"http:\/\/www.flickr.com\/photos\/markusbaumgartner\/sets\/72157626488809385\/\" target=\"_blank\">Ruhrgebiet Landschaften<\/a>: Es gr\u00fcnt soweit das Auge reicht<\/li>\n<li><a href=\"http:\/\/www.flickr.com\/photos\/markusbaumgartner\/sets\/72157626488842815\/\" target=\"_blank\">Ruhrgebiet Ausstellungen<\/a>: Impressionen aus den Museen beim Zollverein Essen sowie aus der Austellung &#8220;Magische Orte&#8221; im Gasometer Oberhausen<\/li>\n<li><a href=\"http:\/\/www.flickr.com\/photos\/markusbaumgartner\/sets\/72157626585858726\/\" target=\"_blank\">Gartenstadt Margarethenh\u00f6he<\/a>: Ein st\u00e4dtebauliches Konzept anfangs des 20. Jahrhunderts<\/li>\n<li><a href=\"http:\/\/www.flickr.com\/photos\/markusbaumgartner\/sets\/72157626429781017\/\" target=\"_blank\">Ruhrgebiet Instant<\/a>: Laufend ins Web gestellte Schnappsch\u00fcsse, strapazierten die Roamingkosten<\/li>\n<li>Die gesamte <a href=\"http:\/\/www.flickr.com\/photos\/markusbaumgartner\/collections\/72157626488818905\/\" target=\"_blank\">Kollektion<\/a> im \u00dcberblick<\/li>\n<\/ul>\n<p>Bilder von Menschen findet ihr kaum. Nicht, dass wir keinen Leuten begegnet w\u00e4ren, aber Portraitaufnahmen eignen sich weniger f\u00fcr schnelle Knipsereien. Zudem ver\u00f6ffentliche ich nicht gerne Gesichter, ohne vorher gefragt zu haben.<\/p>\n<p>Uns hat der Aufenthalt im Ruhrgebiet gefallen. Wir werden eines Tages sicher zur\u00fcckkehren, um auch St\u00e4dte wie Bochum und Dortmund zu besuchen sowie diejenigen Teile des <a href=\"http:\/\/www.metropoleruhr.de\/entdecken-erleben\/emscher-landschaftspark.html\" target=\"_blank\">Emscher Landschaftsparkes<\/a> zu erkunden, die uns bisher noch verborgen blieben.<\/p>\n","protected":false},"excerpt":{"rendered":"<p>Eigentlich wollten Flurina und ich schon letztes Jahr das Ruhrgebiet besuchen, als es europ\u00e4ische Kulturhauptstadt 2010 war. Doch irgendwie kam es nie dazu, wir gingen stattdessen nach Spanien und Italien. Auch nicht schlecht, oder? ;-) Nun holten wir unsere Endeckungsreise nach und waren sieben Tage in der Region um Duisburg und Essen unterwegs. Wir wanderten [&hellip;]<\/p>\n","protected":false},"author":2,"featured_media":0,"comment_status":"open","ping_status":"open","sticky":false,"template":"","format":"standard","meta":{"footnotes":""},"categories":[270],"tags":[],"class_list":["post-3252","post","type-post","status-publish","format-standard","hentry","category-ferien-freizeit"],"_links":{"self":[{"href":"https:\/\/flurakus.ch\/wp\/index.php?rest_route=\/wp\/v2\/posts\/3252","targetHints":{"allow":["GET"]}}],"collection":[{"href":"https:\/\/flurakus.ch\/wp\/index.php?rest_route=\/wp\/v2\/posts"}],"about":[{"href":"https:\/\/flurakus.ch\/wp\/index.php?rest_route=\/wp\/v2\/types\/post"}],"author":[{"embeddable":true,"href":"https:\/\/flurakus.ch\/wp\/index.php?rest_route=\/wp\/v2\/users\/2"}],"replies":[{"embeddable":true,"href":"https:\/\/flurakus.ch\/wp\/index.php?rest_route=%2Fwp%2Fv2%2Fcomments&post=3252"}],"version-history":[{"count":19,"href":"https:\/\/flurakus.ch\/wp\/index.php?rest_route=\/wp\/v2\/posts\/3252\/revisions"}],"predecessor-version":[{"id":3271,"href":"https:\/\/flurakus.ch\/wp\/index.php?rest_route=\/wp\/v2\/posts\/3252\/revisions\/3271"}],"wp:attachment":[{"href":"https:\/\/flurakus.ch\/wp\/index.php?rest_route=%2Fwp%2Fv2%2Fmedia&parent=3252"}],"wp:term":[{"taxonomy":"category","embeddable":true,"href":"https:\/\/flurakus.ch\/wp\/index.php?rest_route=%2Fwp%2Fv2%2Fcategories&post=3252"},{"taxonomy":"post_tag","embeddable":true,"href":"https:\/\/flurakus.ch\/wp\/index.php?rest_route=%2Fwp%2Fv2%2Ftags&post=3252"}],"curies":[{"name":"wp","href":"https:\/\/api.w.org\/{rel}","templated":true}]}}