{"id":3233,"date":"2011-04-26T16:48:50","date_gmt":"2011-04-26T15:48:50","guid":{"rendered":"http:\/\/flurakus.ch\/wp\/?p=3233"},"modified":"2011-04-26T16:52:48","modified_gmt":"2011-04-26T15:52:48","slug":"trockensegeln-im-ruhrgebiet","status":"publish","type":"post","link":"https:\/\/flurakus.ch\/wp\/?p=3233","title":{"rendered":"Trockensegeln im Ruhrgebiet"},"content":{"rendered":"<div style=\"text-align: left; padding: 3px;\">\n<a href=\"http:\/\/www.flickr.com\/photos\/markusbaumgartner\/5657534701\/\" title=\"photo sharing\"><img decoding=\"async\" src=\"http:\/\/farm6.static.flickr.com\/5145\/5657534701_9dfd725c30.jpg\" alt=\"\" \/><\/a><br \/>\n<br \/>\n<span style=\"font-size: 0.8em; margin-top: 0px;\"><a href=\"http:\/\/www.flickr.com\/photos\/markusbaumgartner\/5657534701\/\">Jollen auf dem Baldeneysee Essen<\/a>, originally uploaded by <a href=\"http:\/\/www.flickr.com\/photos\/markusbaumgartner\/\">MarkusBaumgartner<\/a>.<\/span>\n<\/div>\n<p>\nHeute haben wir uns beim Baldeneysee in Essen S\u00fcd entspannt und den Jollen beim Kentern zugeschaut.<\/p>\n<p>\u00c4ngstlichen Seefahrern wird \u00fcbrigens auch das sogenannte Trockensegeln angeboten&#8230; ;-)<\/p>\n","protected":false},"excerpt":{"rendered":"<p>Jollen auf dem Baldeneysee Essen, originally uploaded by MarkusBaumgartner. Heute haben wir uns beim Baldeneysee in Essen S\u00fcd entspannt und den Jollen beim Kentern zugeschaut. \u00c4ngstlichen Seefahrern wird \u00fcbrigens auch das sogenannte Trockensegeln angeboten&#8230; ;-)<\/p>\n","protected":false},"author":2,"featured_media":0,"comment_status":"open","ping_status":"open","sticky":false,"template":"","format":"standard","meta":{"footnotes":""},"categories":[270],"tags":[566,562],"class_list":["post-3233","post","type-post","status-publish","format-standard","hentry","category-ferien-freizeit","tag-baldeneysee","tag-ruhrgebiet"],"_links":{"self":[{"href":"https:\/\/flurakus.ch\/wp\/index.php?rest_route=\/wp\/v2\/posts\/3233","targetHints":{"allow":["GET"]}}],"collection":[{"href":"https:\/\/flurakus.ch\/wp\/index.php?rest_route=\/wp\/v2\/posts"}],"about":[{"href":"https:\/\/flurakus.ch\/wp\/index.php?rest_route=\/wp\/v2\/types\/post"}],"author":[{"embeddable":true,"href":"https:\/\/flurakus.ch\/wp\/index.php?rest_route=\/wp\/v2\/users\/2"}],"replies":[{"embeddable":true,"href":"https:\/\/flurakus.ch\/wp\/index.php?rest_route=%2Fwp%2Fv2%2Fcomments&post=3233"}],"version-history":[{"count":1,"href":"https:\/\/flurakus.ch\/wp\/index.php?rest_route=\/wp\/v2\/posts\/3233\/revisions"}],"predecessor-version":[{"id":3234,"href":"https:\/\/flurakus.ch\/wp\/index.php?rest_route=\/wp\/v2\/posts\/3233\/revisions\/3234"}],"wp:attachment":[{"href":"https:\/\/flurakus.ch\/wp\/index.php?rest_route=%2Fwp%2Fv2%2Fmedia&parent=3233"}],"wp:term":[{"taxonomy":"category","embeddable":true,"href":"https:\/\/flurakus.ch\/wp\/index.php?rest_route=%2Fwp%2Fv2%2Fcategories&post=3233"},{"taxonomy":"post_tag","embeddable":true,"href":"https:\/\/flurakus.ch\/wp\/index.php?rest_route=%2Fwp%2Fv2%2Ftags&post=3233"}],"curies":[{"name":"wp","href":"https:\/\/api.w.org\/{rel}","templated":true}]}}