{"id":32,"date":"2008-04-09T17:06:04","date_gmt":"2008-04-09T16:06:04","guid":{"rendered":"http:\/\/flurakus.ch\/wp\/?p=32"},"modified":"2008-04-09T17:06:04","modified_gmt":"2008-04-09T16:06:04","slug":"olympia-sei-dank","status":"publish","type":"post","link":"https:\/\/flurakus.ch\/wp\/?p=32","title":{"rendered":"Olympia sei Dank"},"content":{"rendered":"<p>Nach langer Bedenkzeit habe ich zur <a href=\"http:\/\/edition.cnn.com\/2008\/US\/04\/09\/torch.protest\/index.html\">&#8220;tibetanischen&#8221; Olympiade<\/a> nun drei einigermassen schl\u00fcssige Dinge zu sagen:<\/p>\n<p><font style=\"FONT-SIZE: 1.25em\" size=\"5\"><strong>1. <\/strong><\/font>In den letzten Wochen hat es China durch den Tibetkonflikt geschafft, den Vereinigten Staaten den Ruf als&nbsp;DER internationale Buhmann ziemlich streitig zu machen. Die einen sehen hinter den aktuellen Protesten eine Art <a href=\"http:\/\/www.stoehlker.ch\/weblog\/2008\/04\/09\/olympisches-irrenhaus\/\">Verschw\u00f6rung der US-Geheimdienste<\/a>, andere &#8211; wie ich &#8211; betrachten dies als untr\u00fcgliches Zeichen daf\u00fcr, dass China neu die Weltherrschaft und die damit verbundene A****karte an sich gerissen hat. Was beide Interpretationen gemeinsam haben: sie sind wohl nicht ganz so falsch, haben aber eigentlich nichts mit der Olympiade zu tun. Also: Punkt 1 bitte streichen.<\/p>\n<p><font style=\"FONT-SIZE: 1.25em\" size=\"5\"><strong>2.<\/strong><\/font> Wenn man f\u00fcr jede Ungerechtigkeit, die gerade jetzt auf diesem Planeten geschieht, eine Fackel ausblasen d\u00fcrfte, dann g\u00e4be es wohl bis ins n\u00e4chste Jahrhundert keine olympischen Fackell\u00e4ufe mehr. Hmm&#8230; auch das hat allerdings nichts mit der Olympiade im engeren Sinne zu tun. Vergesst somit auch Abschnitt 2!<\/p>\n<p><strong><font style=\"FONT-SIZE: 1.25em\" size=\"5\">3.<\/font><\/strong> Der <a href=\"http:\/\/www.tagesanzeiger.ch\/dyn\/news\/schweiz\/859107.html\">Wirbel rund um die Schweizer Bundesr\u00e4tin Widmer-Schlumpf<\/a> kann so weltbewegend, wie er hierzulande momentan wahrgenommen wird, nicht sein: Bis jetzt hat n\u00e4mlich im Ausland noch niemand zu einem Boykott der Euro 08 aufgerufen&#8230; Bingo! Olympia sei Dank :-)<\/p>\n","protected":false},"excerpt":{"rendered":"<p>Nach langer Bedenkzeit habe ich zur &#8220;tibetanischen&#8221; Olympiade nun drei einigermassen schl\u00fcssige Dinge zu sagen: 1. In den letzten Wochen hat es China durch den Tibetkonflikt geschafft, den Vereinigten Staaten den Ruf als&nbsp;DER internationale Buhmann ziemlich streitig zu machen. Die einen sehen hinter den aktuellen Protesten eine Art Verschw\u00f6rung der US-Geheimdienste, andere &#8211; wie ich [&hellip;]<\/p>\n","protected":false},"author":2,"featured_media":0,"comment_status":"open","ping_status":"open","sticky":false,"template":"","format":"standard","meta":{"footnotes":""},"categories":[7,41],"tags":[89,90,87,88],"class_list":["post-32","post","type-post","status-publish","format-standard","hentry","category-politik","category-sport","tag-china","tag-fackellauf","tag-olympiade","tag-tibet"],"_links":{"self":[{"href":"https:\/\/flurakus.ch\/wp\/index.php?rest_route=\/wp\/v2\/posts\/32","targetHints":{"allow":["GET"]}}],"collection":[{"href":"https:\/\/flurakus.ch\/wp\/index.php?rest_route=\/wp\/v2\/posts"}],"about":[{"href":"https:\/\/flurakus.ch\/wp\/index.php?rest_route=\/wp\/v2\/types\/post"}],"author":[{"embeddable":true,"href":"https:\/\/flurakus.ch\/wp\/index.php?rest_route=\/wp\/v2\/users\/2"}],"replies":[{"embeddable":true,"href":"https:\/\/flurakus.ch\/wp\/index.php?rest_route=%2Fwp%2Fv2%2Fcomments&post=32"}],"version-history":[{"count":0,"href":"https:\/\/flurakus.ch\/wp\/index.php?rest_route=\/wp\/v2\/posts\/32\/revisions"}],"wp:attachment":[{"href":"https:\/\/flurakus.ch\/wp\/index.php?rest_route=%2Fwp%2Fv2%2Fmedia&parent=32"}],"wp:term":[{"taxonomy":"category","embeddable":true,"href":"https:\/\/flurakus.ch\/wp\/index.php?rest_route=%2Fwp%2Fv2%2Fcategories&post=32"},{"taxonomy":"post_tag","embeddable":true,"href":"https:\/\/flurakus.ch\/wp\/index.php?rest_route=%2Fwp%2Fv2%2Ftags&post=32"}],"curies":[{"name":"wp","href":"https:\/\/api.w.org\/{rel}","templated":true}]}}