{"id":2880,"date":"2011-01-30T20:21:50","date_gmt":"2011-01-30T19:21:50","guid":{"rendered":"http:\/\/flurakus.ch\/wp\/?p=2880"},"modified":"2011-01-31T09:34:46","modified_gmt":"2011-01-31T08:34:46","slug":"lugihung-in-ottenbach","status":"publish","type":"post","link":"https:\/\/flurakus.ch\/wp\/?p=2880","title":{"rendered":"Lugih\u00fcng in Ottenbach"},"content":{"rendered":"<p><a title=\"Lugih\u00fcng, Reeto von Gunten by MarkusBaumgartner, on Flickr\" href=\"http:\/\/www.flickr.com\/photos\/markusbaumgartner\/5401971692\/\"><img loading=\"lazy\" decoding=\"async\" src=\"http:\/\/farm6.static.flickr.com\/5055\/5401971692_5b7099bba1.jpg\" alt=\"Lugih\u00fcng, Reeto von Gunten\" width=\"500\" height=\"251\" \/><\/a><\/p>\n<p>Etwas sch\u00fcchtern und entr\u00fcckt wirkte er schon, als <a href=\"http:\/\/twitter.com\/reetovongunten\" target=\"_blank\">Reeto von Gunten<\/a> am vergangenen Freitag im Gemeindesaal Ottenbach vor das Publikum trat.<\/p>\n<p>Die &#8220;Albisg\u00fcetli-Bestuhlung&#8221; schien den Buchautor und DRS3-Moderator etwas zu irritieren, doch niemand buhte ihn aus. Im Gegenteil, das Publikum war schnell auf seiner Seite.<\/p>\n<p>In sch\u00f6nstem Steffisburger Berndeutsch erz\u00e4hlte er von <span style=\"text-decoration: line-through;\">not<\/span>l\u00fcgenden <span style=\"text-decoration: line-through;\">Hunden<\/span> Leuten, sprich &#8220;Lugih\u00fcng&#8221;. Auffallend war, dass die Suche nach Liebe und Anerkennung im Zentrum vieler der Geschichten stand.<\/p>\n<p>Ein Highlight seiner teilweise mit Bildern untermalten Erz\u00e4hlungen war die &#8220;Gang&#8221; aus dem Altersheim, welche die Gegend mit ihren Rollatoren&#8230; \u00e4h &#8220;Gel\u00e4ndewagen&#8221; verunsicherten.<\/p>\n<p>F\u00fcr das leibliche Wohl w\u00e4hrend der Lesung sorgte der Kulturverein Ottenbach. Das Team rund um <a href=\"http:\/\/twitter.com\/dominikhaitz\" target=\"_blank\">@dominikhaitz<\/a> versorgte uns artgerecht mit Hotdogs (&#8220;Heissi Lugih\u00fcng&#8221;), Original Mandelb\u00e4rli und Bernerbier. Merci viumau.<\/p>\n<p>Nach der Vorstellung versicherte uns Reeto von Gunten auf die Frage nach der Echtheit des Lugihundes in einer seiner Diashows: Alles war echt, nur er sei in die B\u00fchne reinmontiert. Ha, so ein Beschiss! Doch wie auch immer. Wir danken f\u00fcr eine kurzweilige und witzige Lesung!<\/p>\n","protected":false},"excerpt":{"rendered":"<p>Etwas sch\u00fcchtern und entr\u00fcckt wirkte er schon, als Reeto von Gunten am vergangenen Freitag im Gemeindesaal Ottenbach vor das Publikum trat. Die &#8220;Albisg\u00fcetli-Bestuhlung&#8221; schien den Buchautor und DRS3-Moderator etwas zu irritieren, doch niemand buhte ihn aus. Im Gegenteil, das Publikum war schnell auf seiner Seite. In sch\u00f6nstem Steffisburger Berndeutsch erz\u00e4hlte er von notl\u00fcgenden Hunden Leuten, [&hellip;]<\/p>\n","protected":false},"author":2,"featured_media":0,"comment_status":"open","ping_status":"open","sticky":false,"template":"","format":"standard","meta":{"footnotes":""},"categories":[20],"tags":[534,535],"class_list":["post-2880","post","type-post","status-publish","format-standard","hentry","category-kunst-kultur","tag-lugihung","tag-reeto-von-gunten"],"_links":{"self":[{"href":"https:\/\/flurakus.ch\/wp\/index.php?rest_route=\/wp\/v2\/posts\/2880","targetHints":{"allow":["GET"]}}],"collection":[{"href":"https:\/\/flurakus.ch\/wp\/index.php?rest_route=\/wp\/v2\/posts"}],"about":[{"href":"https:\/\/flurakus.ch\/wp\/index.php?rest_route=\/wp\/v2\/types\/post"}],"author":[{"embeddable":true,"href":"https:\/\/flurakus.ch\/wp\/index.php?rest_route=\/wp\/v2\/users\/2"}],"replies":[{"embeddable":true,"href":"https:\/\/flurakus.ch\/wp\/index.php?rest_route=%2Fwp%2Fv2%2Fcomments&post=2880"}],"version-history":[{"count":19,"href":"https:\/\/flurakus.ch\/wp\/index.php?rest_route=\/wp\/v2\/posts\/2880\/revisions"}],"predecessor-version":[{"id":2894,"href":"https:\/\/flurakus.ch\/wp\/index.php?rest_route=\/wp\/v2\/posts\/2880\/revisions\/2894"}],"wp:attachment":[{"href":"https:\/\/flurakus.ch\/wp\/index.php?rest_route=%2Fwp%2Fv2%2Fmedia&parent=2880"}],"wp:term":[{"taxonomy":"category","embeddable":true,"href":"https:\/\/flurakus.ch\/wp\/index.php?rest_route=%2Fwp%2Fv2%2Fcategories&post=2880"},{"taxonomy":"post_tag","embeddable":true,"href":"https:\/\/flurakus.ch\/wp\/index.php?rest_route=%2Fwp%2Fv2%2Ftags&post=2880"}],"curies":[{"name":"wp","href":"https:\/\/api.w.org\/{rel}","templated":true}]}}