{"id":2643,"date":"2010-11-21T15:58:57","date_gmt":"2010-11-21T14:58:57","guid":{"rendered":"http:\/\/flurakus.ch\/wp\/?p=2643"},"modified":"2010-11-22T21:42:29","modified_gmt":"2010-11-22T20:42:29","slug":"social-networking-in-bern-teil-1-der-smartphone-gipfel","status":"publish","type":"post","link":"https:\/\/flurakus.ch\/wp\/?p=2643","title":{"rendered":"Social Networking in Bern Teil 1: der Smartphone Gipfel"},"content":{"rendered":"<p>Gestern nahm ich zwei Social Network Events der Sonderklasse zum Anlass, einen Abstecher in die Bundeshauptstadt Bern zu machen: <a href=\"http:\/\/leumund.ch\/smartphone-gipfel-2-20-11-2010-009039\" target=\"_blank\">Smartphone Gipfel 2<\/a> (#spg2) und <a href=\"http:\/\/avatarday2010.tumblr.com\/\" target=\"_blank\">Avatarday<\/a> (#avatarday).<\/p>\n<p>Zum einen wollte ich endlich mal ein paar weitere Leute der bloggenden und twitternden Szene pers\u00f6nlich kennenlernen (z.B. <a href=\"http:\/\/twitter.com\/leumund\" target=\"_blank\">@leumund<\/a>, <a href=\"http:\/\/twitter.com\/kailash_yoga\" target=\"_blank\">@kailash_yoga<\/a>, <a href=\"http:\/\/twitter.com\/aendu\" target=\"_blank\">@aendu<\/a>, <a href=\"http:\/\/twitter.com\/kusito\" target=\"_blank\">@kusito<\/a> und viele mehr) und zum andern war ich brennend daran interessiert, ob das neue Windows Phone 7 mit dem iPhone 4 von Apple mithalten kann.<\/p>\n<p>Zuerst gings also ins Restaurant Dampfzentrale zum Smartphone Gipfel 2:<\/p>\n<p><a title=\"Smartphone Gipfel 2 by markusbaumgartner, on Flickr\" href=\"http:\/\/www.flickr.com\/photos\/markusbaumgartner\/sets\/72157625311542311\/detail\/\" target=\"_blank\"><img loading=\"lazy\" decoding=\"async\" src=\"http:\/\/farm5.static.flickr.com\/4106\/5194335973_d22085a103.jpg\" alt=\"Smartphone Gipfel 2\" width=\"500\" height=\"250\" \/><\/a><\/p>\n<p>Organisiert von Christian Leu (@leumund, <a href=\"http:\/\/twitter.com\/linkriss\" target=\"_blank\">@linkriss<\/a>) hatten wir die Gelegenheit, einige Ger\u00e4te mit Android und Windows Phone 7 Betriebssystemen auszuprobieren, welche u.a. von der Firma <a href=\"http:\/\/twitter.com\/brack\" target=\"_blank\">Brack<\/a> zur Verf\u00fcgung gestellt wurden. Vielen Dank den Protagonisten.<\/p>\n<p>Wie eingangs erw\u00e4hnt interessierte mich vor allem das neue Handy-OS von Microsoft. Ich wurde nicht entt\u00e4uscht: es machte einen fl\u00fcssigen und grossz\u00fcgigen Eindruck.<\/p>\n<p><!--more-->Bis dato hatte ich mir n\u00e4mlich fest geschworen, auf mein mobiles Ger\u00e4t k\u00e4me nie ein Windows, das kompliziert zu bedienen sei und dauernd abst\u00fcrze. Nachdem ich das <a href=\"http:\/\/www.flickr.com\/photos\/markusbaumgartner\/5194324661\/in\/set-72157625311542311\/\" target=\"_blank\">HTC-Ger\u00e4t<\/a> in den H\u00e4nden gehalten habe, ist dieses Vorurteil verflogen.<\/p>\n<p>Ich werde zwar weiterhin <span style=\"text-decoration: line-through;\">stur<\/span> beim ausgereifteren iPhone bleiben, aber bei einem k\u00fcnftigen Wechsel sehe ich nun &#8211; nebst Android &#8211; durchaus eine neue, brauchbare Alternative.<\/p>\n<p>Das zweite Ger\u00e4t, welches ich etwas ausgiebiger anschaute, war das <a href=\"http:\/\/www.flickr.com\/photos\/markusbaumgartner\/5194923038\/in\/set-72157625311542311\/\" target=\"_blank\">Samsung Galaxy Tab<\/a> mit Android. Das Tablet ist kleiner und leichter als das iPad.<\/p>\n<p>Das geringere Gewicht k\u00f6nnte sich Apple zum Vorbild nehmen. Auf das 7-Zoll-Display kann ich pers\u00f6nlich <a href=\"http:\/\/flurakus.ch\/wp\/?p=2255\">bei meinem Nutzungsverhalten<\/a> verzichten. Schon beim iPad kommt n\u00e4mlich hie und da das Gef\u00fchl eines &#8220;aufgeblasenen&#8221; Smartphone auf, welches nun beim Format des Samsung Galaxy Tablet definitiv durchdringt.<\/p>\n<p>Die Bedienung mittels Android scheint mir ein &#8220;M\u00fc&#8221; schwerf\u00e4lliger als beim iOS, allerdings w\u00fcrde ich begr\u00fcssen, wenn bei letzterem k\u00fcnftig auch Widget- oder Dashboard-Komponten ins Betriebssystem einfliessen w\u00fcrden.<\/p>\n<p>F\u00fcr eine detaillierte Analyse hat die Zeit beim Smartphone Gipfel nicht gereicht. Man verzeihe mir die Oberfl\u00e4chlichkeit. Zudem wollte ich ja auch noch mit ein paar Leuten plaudern, Gipfeli essen und Kaffee trinken.<\/p>\n<p>Am Nachmittag gings weiter zum Avatarday in die R\u00e4umlichkeiten des Satzart Fotostudios. Danke an Heinz (<a href=\"http:\/\/twitter.com\/pixelwerkstatt\" target=\"_blank\">@pixelwerkstatt<\/a>) f\u00fcrs Mitnehmen im Auto.<\/p>\n<p><a href=\"http:\/\/flurakus.ch\/wp\/?p=2656\">Social Networking in Bern Teil 2: der Avatarday &gt;&gt;<\/a><\/p>\n<p>Weitere Blogbeitr\u00e4ge, Videos und Fotos vom Smartphone Gipfel (werden laufend aktualisiert):<\/p>\n<ul>\n<li><a href=\"http:\/\/leumund.ch\/smartphone-windows-7-test-009089\" target=\"_blank\">Impressionen vom Smartphone Gipfel 2 mit Video (Christian Leu)<\/a><\/li>\n<li><a href=\"http:\/\/souslik.ch\/2010\/11\/21\/chronicles-of-twittria\/\" target=\"_blank\">Twitterchroniken (Blog souslik)<\/a><\/li>\n<li><a href=\"http:\/\/www.komet.ch\/?p=3927\" target=\"_blank\">Smartphone Gipfel &#8211; Jede Menge Ger\u00e4te und viel Spass (Blog komet.ch)<\/a><\/li>\n<li><a href=\"http:\/\/www.amizade.ch\/wordpress\/2010\/11\/21\/spg2-der-zweite-smartphone-gipfel-in-bern\/\" target=\"_blank\">#spg2 &#8211; der zweite Smartphone Gipfel in Bern (Blog AmizadeCH)<\/a><\/li>\n<li>&#8230;<\/li>\n<\/ul>\n","protected":false},"excerpt":{"rendered":"<p>Gestern nahm ich zwei Social Network Events der Sonderklasse zum Anlass, einen Abstecher in die Bundeshauptstadt Bern zu machen: Smartphone Gipfel 2 (#spg2) und Avatarday (#avatarday). Zum einen wollte ich endlich mal ein paar weitere Leute der bloggenden und twitternden Szene pers\u00f6nlich kennenlernen (z.B. @leumund, @kailash_yoga, @aendu, @kusito und viele mehr) und zum andern war [&hellip;]<\/p>\n","protected":false},"author":2,"featured_media":0,"comment_status":"open","ping_status":"open","sticky":false,"template":"","format":"standard","meta":{"footnotes":""},"categories":[504],"tags":[506,505],"class_list":["post-2643","post","type-post","status-publish","format-standard","hentry","category-social-networking","tag-avatarday","tag-smartphone-gipfel"],"_links":{"self":[{"href":"https:\/\/flurakus.ch\/wp\/index.php?rest_route=\/wp\/v2\/posts\/2643","targetHints":{"allow":["GET"]}}],"collection":[{"href":"https:\/\/flurakus.ch\/wp\/index.php?rest_route=\/wp\/v2\/posts"}],"about":[{"href":"https:\/\/flurakus.ch\/wp\/index.php?rest_route=\/wp\/v2\/types\/post"}],"author":[{"embeddable":true,"href":"https:\/\/flurakus.ch\/wp\/index.php?rest_route=\/wp\/v2\/users\/2"}],"replies":[{"embeddable":true,"href":"https:\/\/flurakus.ch\/wp\/index.php?rest_route=%2Fwp%2Fv2%2Fcomments&post=2643"}],"version-history":[{"count":16,"href":"https:\/\/flurakus.ch\/wp\/index.php?rest_route=\/wp\/v2\/posts\/2643\/revisions"}],"predecessor-version":[{"id":2653,"href":"https:\/\/flurakus.ch\/wp\/index.php?rest_route=\/wp\/v2\/posts\/2643\/revisions\/2653"}],"wp:attachment":[{"href":"https:\/\/flurakus.ch\/wp\/index.php?rest_route=%2Fwp%2Fv2%2Fmedia&parent=2643"}],"wp:term":[{"taxonomy":"category","embeddable":true,"href":"https:\/\/flurakus.ch\/wp\/index.php?rest_route=%2Fwp%2Fv2%2Fcategories&post=2643"},{"taxonomy":"post_tag","embeddable":true,"href":"https:\/\/flurakus.ch\/wp\/index.php?rest_route=%2Fwp%2Fv2%2Ftags&post=2643"}],"curies":[{"name":"wp","href":"https:\/\/api.w.org\/{rel}","templated":true}]}}