{"id":2294,"date":"2010-08-08T16:36:07","date_gmt":"2010-08-08T15:36:07","guid":{"rendered":"http:\/\/flurakus.ch\/wp\/?p=2294"},"modified":"2010-08-09T17:27:23","modified_gmt":"2010-08-09T16:27:23","slug":"meet-greet-and-eat","status":"publish","type":"post","link":"https:\/\/flurakus.ch\/wp\/?p=2294","title":{"rendered":"Meet, Greet and Eat"},"content":{"rendered":"<p><a title=\"Riesenrad und Schloss Thun by markusbaumgartner, on Flickr\" href=\"http:\/\/www.flickr.com\/photos\/markusbaumgartner\/4869949916\/\"><img loading=\"lazy\" decoding=\"async\" class=\"alignleft\" src=\"http:\/\/farm5.static.flickr.com\/4074\/4869949916_8c6e152582_m.jpg\" alt=\"Riesenrad und Schloss Thun\" width=\"240\" height=\"180\" \/><\/a>Am Wochenende begr\u00fcsste uns die Stadt Thun. Wir trafen dort rund dreissig Freunde und Bekannte: acht davon zuf\u00e4llig im Bus oder auf der Gasse, alle andern &#8220;zielgerichtet&#8221;:<\/p>\n<p>Am Freitag Abend nahmen wir n\u00e4mlich an einem \u00dcberraschungs-Ap\u00e9ro zu Ehren von Reto teil, welcher offenbar glaubte, seinen 40. Geburtstag ruhig und besinnlich angehen zu k\u00f6nnen. ;-)<\/p>\n<p>Der Anlass fand in der <a href=\"http:\/\/www.enotecaitalia.ch\/\" target=\"_blank\">Enoteca Italia<\/a> statt, welche uns mit allerlei Wein und feinen H\u00e4ppchen bestens versorgte.<\/p>\n<p>Wenn wir gerade bei den Foodtips sind: Das samst\u00e4gliche Dinieren genossen wir zusammen mit Markus&#8217; Eltern Nelly und Beat im <a href=\"http:\/\/www.schuetzen-steffisburg.ch\/\" target=\"_blank\">Gasthof Sch\u00fctzen<\/a> in Steffisburg. Abgesehen von den kulinarischen Gen\u00fcssen erfreute uns dort das moderne Ambiente.<\/p>\n<p>Nat\u00fcrlich haben wir in der Region Thun nicht nur Gegessen und Getrunken. Ein wenig Shopping und eine kleine <a href=\"http:\/\/www.flickr.com\/photos\/markusbaumgartner\/sets\/72157624549894879\/\" target=\"_blank\">Knipstour<\/a> vom M\u00fchleplatz \u00fcbers Jakobsh\u00fcbeli nach H\u00fcnibach rundeten das sommerliche Wochenende ab.<\/p>\n<p>P.S. An der guten Stimmung kann jetzt auch das Gewitter nichts anhaben, das w\u00e4hrend des Schreibens dieses Beitrags eingesetzt hat, wieder zuhause in Z\u00fcrich&#8230;<\/p>\n","protected":false},"excerpt":{"rendered":"<p>Am Wochenende begr\u00fcsste uns die Stadt Thun. Wir trafen dort rund dreissig Freunde und Bekannte: acht davon zuf\u00e4llig im Bus oder auf der Gasse, alle andern &#8220;zielgerichtet&#8221;: Am Freitag Abend nahmen wir n\u00e4mlich an einem \u00dcberraschungs-Ap\u00e9ro zu Ehren von Reto teil, welcher offenbar glaubte, seinen 40. Geburtstag ruhig und besinnlich angehen zu k\u00f6nnen. ;-) Der [&hellip;]<\/p>\n","protected":false},"author":2,"featured_media":0,"comment_status":"open","ping_status":"open","sticky":false,"template":"","format":"standard","meta":{"footnotes":""},"categories":[196],"tags":[457,419],"class_list":["post-2294","post","type-post","status-publish","format-standard","hentry","category-on-the-road","tag-steffisburg","tag-thun"],"_links":{"self":[{"href":"https:\/\/flurakus.ch\/wp\/index.php?rest_route=\/wp\/v2\/posts\/2294","targetHints":{"allow":["GET"]}}],"collection":[{"href":"https:\/\/flurakus.ch\/wp\/index.php?rest_route=\/wp\/v2\/posts"}],"about":[{"href":"https:\/\/flurakus.ch\/wp\/index.php?rest_route=\/wp\/v2\/types\/post"}],"author":[{"embeddable":true,"href":"https:\/\/flurakus.ch\/wp\/index.php?rest_route=\/wp\/v2\/users\/2"}],"replies":[{"embeddable":true,"href":"https:\/\/flurakus.ch\/wp\/index.php?rest_route=%2Fwp%2Fv2%2Fcomments&post=2294"}],"version-history":[{"count":6,"href":"https:\/\/flurakus.ch\/wp\/index.php?rest_route=\/wp\/v2\/posts\/2294\/revisions"}],"predecessor-version":[{"id":2303,"href":"https:\/\/flurakus.ch\/wp\/index.php?rest_route=\/wp\/v2\/posts\/2294\/revisions\/2303"}],"wp:attachment":[{"href":"https:\/\/flurakus.ch\/wp\/index.php?rest_route=%2Fwp%2Fv2%2Fmedia&parent=2294"}],"wp:term":[{"taxonomy":"category","embeddable":true,"href":"https:\/\/flurakus.ch\/wp\/index.php?rest_route=%2Fwp%2Fv2%2Fcategories&post=2294"},{"taxonomy":"post_tag","embeddable":true,"href":"https:\/\/flurakus.ch\/wp\/index.php?rest_route=%2Fwp%2Fv2%2Ftags&post=2294"}],"curies":[{"name":"wp","href":"https:\/\/api.w.org\/{rel}","templated":true}]}}