{"id":2169,"date":"2010-06-11T13:55:46","date_gmt":"2010-06-11T12:55:46","guid":{"rendered":"http:\/\/flurakus.ch\/wp\/?p=2169"},"modified":"2010-06-11T13:55:46","modified_gmt":"2010-06-11T12:55:46","slug":"ein-land-ohne-fussballnationalmannschaft","status":"publish","type":"post","link":"https:\/\/flurakus.ch\/wp\/?p=2169","title":{"rendered":"Ein Land ohne Fussballnationalmannschaft"},"content":{"rendered":"<p><a href=\"http:\/\/flurakus.ch\/wp\/wp-content\/uploads\/2010\/06\/geoartikeltouroferitrea.jpg\"><img loading=\"lazy\" decoding=\"async\" class=\"alignleft size-full wp-image-2170\" title=\"geoartikeltouroferitrea\" src=\"http:\/\/flurakus.ch\/wp\/wp-content\/uploads\/2010\/06\/geoartikeltouroferitrea.jpg\" alt=\"\" width=\"300\" height=\"197\" \/><\/a>&#8220;&#8230; im \u00dcbrigen hat das Land keine Fussballnationalmannschaft mehr. Nach einem Ausw\u00e4rtsspiel sind alle Spieler in Kenia geblieben.&#8221;<\/p>\n<p>Daf\u00fcr hat Eritrea &#8211; eines der \u00e4rmsten L\u00e4nder der Welt &#8211; eine eigene Radtour.<\/p>\n<p>Nebenstehendes Bild und das obige Zitat stammen aus dem Artikel &#8220;Tour of Eritrea&#8221; von Ines Possemeyer (Text) und Chris Keulen (Fotos), welcher in der <a href=\"http:\/\/www.geo.de\/GEO\/heftreihen\/geo_magazin\/63596.html\" target=\"_blank\">GEO-Ausgabe April &#8217;10<\/a> zu finden ist.<\/p>\n<p>Das Rennen in diesem radsportverr\u00fcckten Land f\u00fchrt \u00fcber f\u00fcnf Etappen 710 Kilometer von Keren nach Asmara und hat 47 Teilnehmer aus sieben Nationen. 1946 wurde es als &#8220;Giro dell&#8217; Eritrea&#8221; gegr\u00fcndet und fand 2009 zum ersten Mal Platz im Kalender des internationalen Radsportverbandes.<\/p>\n<p><!--more-->Einige der Bergetappen sollen h\u00e4rter als dienigen in der Tour de France sein. Das wird zumindest in einem der Bildtitel des GEO-Artikels k\u00fchn behauptet.<\/p>\n<p>Na dann sind wir gespannt, ob in den n\u00e4chsten Jahren auch mal Fahrer vom afrikanischen Kontent in den grossen europ\u00e4ischen Rennen vorne mitmischen und gewinnen. Was heute im Laufsport schon lange gang und g\u00e4be ist, sollte doch eigentlich auch beim Radfahren m\u00f6glich sein!?<\/p>\n<p>Eritrea hat diesbez\u00fcglich aber ein Problem: Nicht nur die Fussballer &#8220;verabschieden&#8221; sich bei Wettk\u00e4mpfen im Ausland auf Nimmerwiedersehn, sondern eben auch Radfahrer. Wer kann es ihnen ver\u00fcbeln?&#8230;<\/p>\n<p>Mehr zur &#8220;Tour of Eritrea&#8221; siehe im eingangs erw\u00e4hnten Artikel. Pr\u00e4dikat: lesenwert!<\/p>\n","protected":false},"excerpt":{"rendered":"<p>&#8220;&#8230; im \u00dcbrigen hat das Land keine Fussballnationalmannschaft mehr. Nach einem Ausw\u00e4rtsspiel sind alle Spieler in Kenia geblieben.&#8221; Daf\u00fcr hat Eritrea &#8211; eines der \u00e4rmsten L\u00e4nder der Welt &#8211; eine eigene Radtour. Nebenstehendes Bild und das obige Zitat stammen aus dem Artikel &#8220;Tour of Eritrea&#8221; von Ines Possemeyer (Text) und Chris Keulen (Fotos), welcher in [&hellip;]<\/p>\n","protected":false},"author":2,"featured_media":0,"comment_status":"open","ping_status":"open","sticky":false,"template":"","format":"standard","meta":{"footnotes":""},"categories":[41],"tags":[439,129,128],"class_list":["post-2169","post","type-post","status-publish","format-standard","hentry","category-sport","tag-eritrea","tag-radfahren","tag-velo"],"_links":{"self":[{"href":"https:\/\/flurakus.ch\/wp\/index.php?rest_route=\/wp\/v2\/posts\/2169","targetHints":{"allow":["GET"]}}],"collection":[{"href":"https:\/\/flurakus.ch\/wp\/index.php?rest_route=\/wp\/v2\/posts"}],"about":[{"href":"https:\/\/flurakus.ch\/wp\/index.php?rest_route=\/wp\/v2\/types\/post"}],"author":[{"embeddable":true,"href":"https:\/\/flurakus.ch\/wp\/index.php?rest_route=\/wp\/v2\/users\/2"}],"replies":[{"embeddable":true,"href":"https:\/\/flurakus.ch\/wp\/index.php?rest_route=%2Fwp%2Fv2%2Fcomments&post=2169"}],"version-history":[{"count":6,"href":"https:\/\/flurakus.ch\/wp\/index.php?rest_route=\/wp\/v2\/posts\/2169\/revisions"}],"predecessor-version":[{"id":2176,"href":"https:\/\/flurakus.ch\/wp\/index.php?rest_route=\/wp\/v2\/posts\/2169\/revisions\/2176"}],"wp:attachment":[{"href":"https:\/\/flurakus.ch\/wp\/index.php?rest_route=%2Fwp%2Fv2%2Fmedia&parent=2169"}],"wp:term":[{"taxonomy":"category","embeddable":true,"href":"https:\/\/flurakus.ch\/wp\/index.php?rest_route=%2Fwp%2Fv2%2Fcategories&post=2169"},{"taxonomy":"post_tag","embeddable":true,"href":"https:\/\/flurakus.ch\/wp\/index.php?rest_route=%2Fwp%2Fv2%2Ftags&post=2169"}],"curies":[{"name":"wp","href":"https:\/\/api.w.org\/{rel}","templated":true}]}}