{"id":2134,"date":"2010-06-03T19:55:25","date_gmt":"2010-06-03T18:55:25","guid":{"rendered":"http:\/\/flurakus.ch\/wp\/?p=2134"},"modified":"2010-06-03T22:09:51","modified_gmt":"2010-06-03T21:09:51","slug":"das-ipad-ein-quick-dirty-computer","status":"publish","type":"post","link":"https:\/\/flurakus.ch\/wp\/?p=2134","title":{"rendered":"Das iPad: ein Quick &#038; Dirty Computer"},"content":{"rendered":"<p><a title=\"iPad in da House by markusbaumgartner, on Flickr\" href=\"http:\/\/www.flickr.com\/photos\/markusbaumgartner\/4644873839\/\"><img loading=\"lazy\" decoding=\"async\" class=\"alignleft\" src=\"http:\/\/farm5.static.flickr.com\/4026\/4644873839_694b1a70d2_m.jpg\" alt=\"iPad in da House\" width=\"240\" height=\"135\" \/><\/a>Vor einer Woche erhielt ich endlich das iPad (Wifi\/16GB), welches mir meine Freundin bereits im Februar in Form eines Gutscheines zu meinem vierzigsten Geburtstag geschenkt hatte.<\/p>\n<p>Wir waren zur Feier des Tages in <a href=\"http:\/\/flurakus.ch\/wp\/?p=1754\">Solothurn<\/a>, das Wetter war schon damals so kalt und nass wie in diesen Tagen und&#8230; \u00e4h&#8230; ich schweife ab.<\/p>\n<p>Also. Eine Woche iPad. Ich muss zugeben&#8230;<\/p>\n<ul>\n<li>ja: Das Teil liegt etwas zu schwer in den H\u00e4nden&#8230;<\/li>\n<li>ja: Es nervt ziemlich, dass &#8220;Flash&#8221; auf dem Ger\u00e4t nicht funktioniert. Was k\u00fcmmert mich die Apple-Strategie? Ich will uneingeschr\u00e4nkte User-Experience!<\/li>\n<li>&#8230; und ja: Im Gegensatz zum iPhone st\u00f6rt mich beim iPad, dass es (noch) kein Multitasking hat.<\/li>\n<\/ul>\n<p>Das vielbeachtete Spielzeug von Steve Jobs&#8217; Firma hat sicherlich einiges an Verbesserungspotential und das ist gut so. Dann wird den Apple-Entwicklern nicht langweilig und der Konkurrenz bleibt der Hauch einer Chance, den R\u00fcckstand in dieser Ger\u00e4teklasse halbwegs wieder aufzuholen.<\/p>\n<p>Google und Konsorten: Bitte sorgt daf\u00fcr, dass es in der IT-Geschichte eines Tages bloss noch heisst, Apple habe den reinen Touchscreen-Anwendungen zum kommerziellen Durchbruch verholfen&#8230; \u00e4h&#8230; ich schweife ab.<\/p>\n<p><!--more-->Was mir am iPad bereits sehr gut gef\u00e4llt ist, dass es meine pers\u00f6nlichen Anforderungen vollst\u00e4ndig abdeckt&#8230;<\/p>\n<ul>\n<li>als Couch-Surfing Computer&#8230;<\/li>\n<li>als &#8220;lebendige&#8221; Zeitung und Zeitschrift&#8230;<\/li>\n<li>als Social Media Gehilfe beim &#8220;Mailen&#8221;, &#8220;Twittern&#8221;, &#8220;Tumblrn&#8221; und &#8220;Facebooklen&#8221;&#8230;<\/li>\n<li>als Allerlei-Nachschlagewerk.<\/li>\n<\/ul>\n<p>Meine bevorzugten Tablet-Einsatzgebiete sind das Sofa, das Bett und der K\u00fcchentisch. Meine Freundin &#8211; die Frage dr\u00e4ngt sich ja wohl jetzt f\u00f6rmlich auf &#8211; hat deswegen nicht weniger von mir. Im Gegenteil: Die einsame Zeit vor dem PC im abgelegenen Arbeitszimmer hat sich <span style=\"text-decoration: line-through;\">zugunsten des iPad<\/span> bereits um einen Drittel reduziert.<\/p>\n<p>Diesen Blogbeitrag schreibe ich jedoch konventionell mit PC-Tastatur und Windows Vista vor einem 24-Zoll-Bildschirm. Das letztlich in seinen Massen beschr\u00e4nkte iPad-Display erschwert &#8211; zusammen mit dem fehlenden Multitasking &#8211; das wirklich &#8220;produktive&#8221; Arbeiten.<\/p>\n<p>Mein 7-Tage Fazit:<\/p>\n<ul>\n<li>Das iPad ist der perfekte &#8220;<strong>Quick &amp; Dirty Computer<\/strong>&#8220;.<\/li>\n<li>Es erg\u00e4nzt die bestehende Ger\u00e4telandschaft, ersetzt aber weder den PC noch das Notebook. H\u00f6chstens die Tageszeitung wird \u00fcberfl\u00fcssig. Aber diese habe ich schon l\u00e4ngst nicht mehr abonniert.<\/li>\n<li>Das iPad ist &#8220;nice to have&#8221; und das ideale Repr\u00e4sentativ-Gadget einer dekadenten Spass- und Konsumgesellschaft&#8230; \u00e4h&#8230;. ich schweife ja schon wieder ab.<\/li>\n<\/ul>\n<p>In ein paar Wochen werde ich erneut &#8220;Rechenschaft&#8221; ablegen. Insbesondere dar\u00fcber, ob mein Pad-Nutzungsverhalten in der Zwischenzeit ge\u00e4ndert hat.<\/p>\n","protected":false},"excerpt":{"rendered":"<p>Vor einer Woche erhielt ich endlich das iPad (Wifi\/16GB), welches mir meine Freundin bereits im Februar in Form eines Gutscheines zu meinem vierzigsten Geburtstag geschenkt hatte. Wir waren zur Feier des Tages in Solothurn, das Wetter war schon damals so kalt und nass wie in diesen Tagen und&#8230; \u00e4h&#8230; ich schweife ab. Also. Eine Woche [&hellip;]<\/p>\n","protected":false},"author":2,"featured_media":0,"comment_status":"open","ping_status":"open","sticky":false,"template":"","format":"standard","meta":{"footnotes":""},"categories":[130],"tags":[225,433],"class_list":["post-2134","post","type-post","status-publish","format-standard","hentry","category-wissenschaft-technik","tag-digital-life","tag-ipad"],"_links":{"self":[{"href":"https:\/\/flurakus.ch\/wp\/index.php?rest_route=\/wp\/v2\/posts\/2134","targetHints":{"allow":["GET"]}}],"collection":[{"href":"https:\/\/flurakus.ch\/wp\/index.php?rest_route=\/wp\/v2\/posts"}],"about":[{"href":"https:\/\/flurakus.ch\/wp\/index.php?rest_route=\/wp\/v2\/types\/post"}],"author":[{"embeddable":true,"href":"https:\/\/flurakus.ch\/wp\/index.php?rest_route=\/wp\/v2\/users\/2"}],"replies":[{"embeddable":true,"href":"https:\/\/flurakus.ch\/wp\/index.php?rest_route=%2Fwp%2Fv2%2Fcomments&post=2134"}],"version-history":[{"count":18,"href":"https:\/\/flurakus.ch\/wp\/index.php?rest_route=\/wp\/v2\/posts\/2134\/revisions"}],"predecessor-version":[{"id":2146,"href":"https:\/\/flurakus.ch\/wp\/index.php?rest_route=\/wp\/v2\/posts\/2134\/revisions\/2146"}],"wp:attachment":[{"href":"https:\/\/flurakus.ch\/wp\/index.php?rest_route=%2Fwp%2Fv2%2Fmedia&parent=2134"}],"wp:term":[{"taxonomy":"category","embeddable":true,"href":"https:\/\/flurakus.ch\/wp\/index.php?rest_route=%2Fwp%2Fv2%2Fcategories&post=2134"},{"taxonomy":"post_tag","embeddable":true,"href":"https:\/\/flurakus.ch\/wp\/index.php?rest_route=%2Fwp%2Fv2%2Ftags&post=2134"}],"curies":[{"name":"wp","href":"https:\/\/api.w.org\/{rel}","templated":true}]}}