{"id":2060,"date":"2010-05-16T19:05:24","date_gmt":"2010-05-16T18:05:24","guid":{"rendered":"http:\/\/flurakus.ch\/wp\/?p=2060"},"modified":"2010-05-16T19:05:24","modified_gmt":"2010-05-16T18:05:24","slug":"die-schonheit-des-vulkans-ii","status":"publish","type":"post","link":"https:\/\/flurakus.ch\/wp\/?p=2060","title":{"rendered":"Die Sch\u00f6nheit des Vulkans II"},"content":{"rendered":"<p><object classid=\"clsid:d27cdb6e-ae6d-11cf-96b8-444553540000\" width=\"500\" height=\"250\" codebase=\"http:\/\/download.macromedia.com\/pub\/shockwave\/cabs\/flash\/swflash.cab#version=6,0,40,0\"><param name=\"allowfullscreen\" value=\"true\" \/><param name=\"allowscriptaccess\" value=\"always\" \/><param name=\"src\" value=\"http:\/\/vimeo.com\/moogaloop.swf?clip_id=11673745&amp;server=vimeo.com&amp;show_title=1&amp;show_byline=1&amp;show_portrait=0&amp;color=ff9933&amp;fullscreen=1\" \/><embed type=\"application\/x-shockwave-flash\" width=\"500\" height=\"250\" src=\"http:\/\/vimeo.com\/moogaloop.swf?clip_id=11673745&amp;server=vimeo.com&amp;show_title=1&amp;show_byline=1&amp;show_portrait=0&amp;color=ff9933&amp;fullscreen=1\" allowscriptaccess=\"always\" allowfullscreen=\"true\"><\/embed><\/object><\/p>\n<p>Der Vulkan &#8220;Eyjafjallaj\u00f6kull&#8221; h\u00e4lt den europ\u00e4ischen Flugverkehr weiterhin in Atem. Und angesichts der aktuellen Wetterverh\u00e4ltnisse: M\u00fcssen wir eigentlich mit einem kalten Sommer rechnen, wenn dieser Berg weiterhin so aktiv ist?<\/p>\n<p>Mal abgesehen von den negativen Effekten und Projektionen: Wie schon <a href=\"http:\/\/flurakus.ch\/wp\/?p=1973\">neulich gezeigt<\/a> gibt es auch sch\u00f6ne Seiten eines solchen Ereignisses. Das obenstehende Timelapse-Movie von <a href=\"http:\/\/vimeo.com\/11673745?hd=1\" target=\"_blank\">Sean Stiegmeier<\/a> ist unterlegt mit Sound und Gesang des isl\u00e4ndischen Musikers <a href=\"http:\/\/jonsi.com\/\" target=\"_blank\">Jonsi<\/a>.<\/p>\n<p>(via <a href=\"http:\/\/blog.mareenfischinger.com\/post\/604010994\/gorgeous-timelapse-video-of-eyjafjallajokullset-to\" target=\"_blank\">mareen<\/a>)<\/p>\n","protected":false},"excerpt":{"rendered":"<p>Der Vulkan &#8220;Eyjafjallaj\u00f6kull&#8221; h\u00e4lt den europ\u00e4ischen Flugverkehr weiterhin in Atem. Und angesichts der aktuellen Wetterverh\u00e4ltnisse: M\u00fcssen wir eigentlich mit einem kalten Sommer rechnen, wenn dieser Berg weiterhin so aktiv ist? Mal abgesehen von den negativen Effekten und Projektionen: Wie schon neulich gezeigt gibt es auch sch\u00f6ne Seiten eines solchen Ereignisses. Das obenstehende Timelapse-Movie von Sean [&hellip;]<\/p>\n","protected":false},"author":2,"featured_media":0,"comment_status":"open","ping_status":"open","sticky":false,"template":"","format":"standard","meta":{"footnotes":""},"categories":[301],"tags":[414,413],"class_list":["post-2060","post","type-post","status-publish","format-standard","hentry","category-natur-tiere","tag-aschewolke","tag-vulkan"],"_links":{"self":[{"href":"https:\/\/flurakus.ch\/wp\/index.php?rest_route=\/wp\/v2\/posts\/2060","targetHints":{"allow":["GET"]}}],"collection":[{"href":"https:\/\/flurakus.ch\/wp\/index.php?rest_route=\/wp\/v2\/posts"}],"about":[{"href":"https:\/\/flurakus.ch\/wp\/index.php?rest_route=\/wp\/v2\/types\/post"}],"author":[{"embeddable":true,"href":"https:\/\/flurakus.ch\/wp\/index.php?rest_route=\/wp\/v2\/users\/2"}],"replies":[{"embeddable":true,"href":"https:\/\/flurakus.ch\/wp\/index.php?rest_route=%2Fwp%2Fv2%2Fcomments&post=2060"}],"version-history":[{"count":3,"href":"https:\/\/flurakus.ch\/wp\/index.php?rest_route=\/wp\/v2\/posts\/2060\/revisions"}],"predecessor-version":[{"id":2063,"href":"https:\/\/flurakus.ch\/wp\/index.php?rest_route=\/wp\/v2\/posts\/2060\/revisions\/2063"}],"wp:attachment":[{"href":"https:\/\/flurakus.ch\/wp\/index.php?rest_route=%2Fwp%2Fv2%2Fmedia&parent=2060"}],"wp:term":[{"taxonomy":"category","embeddable":true,"href":"https:\/\/flurakus.ch\/wp\/index.php?rest_route=%2Fwp%2Fv2%2Fcategories&post=2060"},{"taxonomy":"post_tag","embeddable":true,"href":"https:\/\/flurakus.ch\/wp\/index.php?rest_route=%2Fwp%2Fv2%2Ftags&post=2060"}],"curies":[{"name":"wp","href":"https:\/\/api.w.org\/{rel}","templated":true}]}}