{"id":2003,"date":"2010-04-29T14:41:19","date_gmt":"2010-04-29T13:41:19","guid":{"rendered":"http:\/\/flurakus.ch\/wp\/?p=2003"},"modified":"2010-04-29T14:45:06","modified_gmt":"2010-04-29T13:45:06","slug":"niesenblick","status":"publish","type":"post","link":"https:\/\/flurakus.ch\/wp\/?p=2003","title":{"rendered":"Niesenblick"},"content":{"rendered":"<p><a title=\"Niesenblick by markusbaumgartner, on Flickr\" href=\"http:\/\/www.flickr.com\/photos\/markusbaumgartner\/4562530475\/\"><img loading=\"lazy\" decoding=\"async\" src=\"http:\/\/farm4.static.flickr.com\/3502\/4562530475_418d03ca29.jpg\" alt=\"Niesenblick\" width=\"500\" height=\"254\" \/><\/a><\/p>\n<p>W\u00e4hrend gestern die <a href=\"http:\/\/flurakus.ch\/wp\/?p=1997\" target=\"_self\">Stockhornkette<\/a> meine Radroute pr\u00e4gte, so dominierte heute ein Berg in Reinkultur die Aussicht: der Niesen.<\/p>\n<p>Zum Warmfahren gings von Thun nach Spiez, von dort nach Wimmis und \u00fcber einen langen Radweg am Fuss des Niesen nach M\u00fclenen.<\/p>\n<p>Der anschliessende Anstieg nach Aeschi weckte nun definitiv all meine Geister. Am Vorabend war ich n\u00e4mlich bei Freunden eingeladen und genoss zur Verdauung noch den einen oder anderen Whisky. Die mussten zuerst noch sukzessive ausgeschwitzt werden&#8230;<\/p>\n<p><!--more-->Nach Aeschi folgte eine kurze Abfahrt: Via Krattigen, Leissigen und D\u00e4rligen traversierte ich schnell strampelnd nach Interlaken. Next: Beatenbucht. Dann Sandwich-Pause mit sensationeller Knipserei: Blauer Himmel, Niesen, Schiff, Thunersee. Davon konnte selbst die iPhone-Kamera kein schlechtes Bild machen&#8230;<\/p>\n<p>Wieder in Thun angekommen g\u00f6nnte ich mir zum &#8220;Ausfahren&#8221; noch eine kleine Zusatzrunde \u00fcber Steffisburg-Dorf, Schnittweier-Bad, Brenzikofen, Oberdiessbach, Herbligen, Oppligen, Heimberg und zur\u00fcck zu meiner &#8220;Home-Base&#8221;.<\/p>\n<p>Morgen f\u00e4hrt das brave Rennradl mit mir auf dem Sattel n\u00e4mlich Richtung Emmental und da musste ich doch schon mal Landluft schnuppern&#8230;<\/p>\n","protected":false},"excerpt":{"rendered":"<p>W\u00e4hrend gestern die Stockhornkette meine Radroute pr\u00e4gte, so dominierte heute ein Berg in Reinkultur die Aussicht: der Niesen. Zum Warmfahren gings von Thun nach Spiez, von dort nach Wimmis und \u00fcber einen langen Radweg am Fuss des Niesen nach M\u00fclenen. Der anschliessende Anstieg nach Aeschi weckte nun definitiv all meine Geister. Am Vorabend war ich [&hellip;]<\/p>\n","protected":false},"author":2,"featured_media":0,"comment_status":"open","ping_status":"open","sticky":false,"template":"","format":"standard","meta":{"footnotes":""},"categories":[270,41],"tags":[376,128],"class_list":["post-2003","post","type-post","status-publish","format-standard","hentry","category-ferien-freizeit","category-sport","tag-niesen","tag-velo"],"_links":{"self":[{"href":"https:\/\/flurakus.ch\/wp\/index.php?rest_route=\/wp\/v2\/posts\/2003","targetHints":{"allow":["GET"]}}],"collection":[{"href":"https:\/\/flurakus.ch\/wp\/index.php?rest_route=\/wp\/v2\/posts"}],"about":[{"href":"https:\/\/flurakus.ch\/wp\/index.php?rest_route=\/wp\/v2\/types\/post"}],"author":[{"embeddable":true,"href":"https:\/\/flurakus.ch\/wp\/index.php?rest_route=\/wp\/v2\/users\/2"}],"replies":[{"embeddable":true,"href":"https:\/\/flurakus.ch\/wp\/index.php?rest_route=%2Fwp%2Fv2%2Fcomments&post=2003"}],"version-history":[{"count":3,"href":"https:\/\/flurakus.ch\/wp\/index.php?rest_route=\/wp\/v2\/posts\/2003\/revisions"}],"predecessor-version":[{"id":2007,"href":"https:\/\/flurakus.ch\/wp\/index.php?rest_route=\/wp\/v2\/posts\/2003\/revisions\/2007"}],"wp:attachment":[{"href":"https:\/\/flurakus.ch\/wp\/index.php?rest_route=%2Fwp%2Fv2%2Fmedia&parent=2003"}],"wp:term":[{"taxonomy":"category","embeddable":true,"href":"https:\/\/flurakus.ch\/wp\/index.php?rest_route=%2Fwp%2Fv2%2Fcategories&post=2003"},{"taxonomy":"post_tag","embeddable":true,"href":"https:\/\/flurakus.ch\/wp\/index.php?rest_route=%2Fwp%2Fv2%2Ftags&post=2003"}],"curies":[{"name":"wp","href":"https:\/\/api.w.org\/{rel}","templated":true}]}}