{"id":1997,"date":"2010-04-28T08:26:25","date_gmt":"2010-04-28T07:26:25","guid":{"rendered":"http:\/\/flurakus.ch\/wp\/?p=1997"},"modified":"2010-04-29T14:42:39","modified_gmt":"2010-04-29T13:42:39","slug":"guten-morgen-stockhorn","status":"publish","type":"post","link":"https:\/\/flurakus.ch\/wp\/?p=1997","title":{"rendered":"Guten Morgen Stockhorn"},"content":{"rendered":"<div style=\"text-align: left; padding: 3px;\"><a title=\"photo sharing\" href=\"http:\/\/www.flickr.com\/photos\/markusbaumgartner\/4559508943\/\"><img decoding=\"async\" src=\"http:\/\/farm5.static.flickr.com\/4037\/4559508943_3fa859ff83.jpg\" alt=\"\" \/><\/a><\/p>\n<p><span style=\"font-size: 0.8em; margin-top: 0px;\"><a href=\"http:\/\/www.flickr.com\/photos\/markusbaumgartner\/4559508943\/\">Guten Morgen Stockhorn<\/a>, originally uploaded by <a href=\"http:\/\/www.flickr.com\/people\/markusbaumgartner\/\">markusbaumgartner<\/a>.<\/span><\/p>\n<\/div>\n<p>Heute werde ich Richtung Thuner Westamt radeln. War mit dem Velo schon mehr als zehn Jahre nicht mehr dort!<\/p>\n<p>&#8212;&#8212;&#8212;&#8212;-<br \/>\nUpdate:<\/p>\n<p>Die Route f\u00fchrte mich von Steffisburg nach Thierachern und \u00fcber den Zwieselberg nach Reutigen. Die Wiesen waren \u00fcberall mit gelb bl\u00fchendem L\u00f6wenzahn \u00fcbers\u00e4ht. Doch heute war kein Fotostopp angesagt, was &#8211; nebenbei erw\u00e4hnt &#8211; f\u00fcr mich als &#8220;Pixels\u00fcchtigen&#8221; eine gewisse Disziplin erforderte. ;-)<\/p>\n<p>Z\u00fcgig gings durch Stockental nach Blumenstein und \u00fcber die gut verbaute G\u00fcrbe nach Wattenwil. Dort stand eine gr\u00f6ssere Steigung hinauf nach Riggisberg auf dem Programm. Die H\u00fcrde war einfacher zu nehmen als erwartet. Offenbar zahlt sich das harte <a href=\"http:\/\/flurakus.ch\/wp\/?p=1918\">Marathon<\/a>-Training der vergangenen Wochen nun auch auf dem Fahrrad aus.<\/p>\n<p>Der &#8220;Heimweg&#8221; zur\u00fcck ins Kaliforni (Steffisburg\/Heimberg) \u00fcber Belp wurde ab Rubigen durch angenehmen R\u00fcckenwind unterst\u00fctzt. Nach 2 Stunden 40 Minuten war meine erste Ausfahrt in dieser Saison mit dem Rennrad zu Ende. Und &#8220;Hotel Mama &amp; Papa&#8221; wartete mit einem feinen Mittagessen auf mich.<\/p>\n","protected":false},"excerpt":{"rendered":"<p>Guten Morgen Stockhorn, originally uploaded by markusbaumgartner. Heute werde ich Richtung Thuner Westamt radeln. War mit dem Velo schon mehr als zehn Jahre nicht mehr dort! &#8212;&#8212;&#8212;&#8212;- Update: Die Route f\u00fchrte mich von Steffisburg nach Thierachern und \u00fcber den Zwieselberg nach Reutigen. Die Wiesen waren \u00fcberall mit gelb bl\u00fchendem L\u00f6wenzahn \u00fcbers\u00e4ht. Doch heute war kein [&hellip;]<\/p>\n","protected":false},"author":2,"featured_media":0,"comment_status":"open","ping_status":"open","sticky":false,"template":"","format":"standard","meta":{"footnotes":""},"categories":[41],"tags":[420,419,128],"class_list":["post-1997","post","type-post","status-publish","format-standard","hentry","category-sport","tag-stockhorn","tag-thun","tag-velo"],"_links":{"self":[{"href":"https:\/\/flurakus.ch\/wp\/index.php?rest_route=\/wp\/v2\/posts\/1997","targetHints":{"allow":["GET"]}}],"collection":[{"href":"https:\/\/flurakus.ch\/wp\/index.php?rest_route=\/wp\/v2\/posts"}],"about":[{"href":"https:\/\/flurakus.ch\/wp\/index.php?rest_route=\/wp\/v2\/types\/post"}],"author":[{"embeddable":true,"href":"https:\/\/flurakus.ch\/wp\/index.php?rest_route=\/wp\/v2\/users\/2"}],"replies":[{"embeddable":true,"href":"https:\/\/flurakus.ch\/wp\/index.php?rest_route=%2Fwp%2Fv2%2Fcomments&post=1997"}],"version-history":[{"count":5,"href":"https:\/\/flurakus.ch\/wp\/index.php?rest_route=\/wp\/v2\/posts\/1997\/revisions"}],"predecessor-version":[{"id":2006,"href":"https:\/\/flurakus.ch\/wp\/index.php?rest_route=\/wp\/v2\/posts\/1997\/revisions\/2006"}],"wp:attachment":[{"href":"https:\/\/flurakus.ch\/wp\/index.php?rest_route=%2Fwp%2Fv2%2Fmedia&parent=1997"}],"wp:term":[{"taxonomy":"category","embeddable":true,"href":"https:\/\/flurakus.ch\/wp\/index.php?rest_route=%2Fwp%2Fv2%2Fcategories&post=1997"},{"taxonomy":"post_tag","embeddable":true,"href":"https:\/\/flurakus.ch\/wp\/index.php?rest_route=%2Fwp%2Fv2%2Ftags&post=1997"}],"curies":[{"name":"wp","href":"https:\/\/api.w.org\/{rel}","templated":true}]}}