{"id":1935,"date":"2010-04-16T17:54:23","date_gmt":"2010-04-16T16:54:23","guid":{"rendered":"http:\/\/flurakus.ch\/wp\/?p=1935"},"modified":"2010-04-16T17:54:23","modified_gmt":"2010-04-16T16:54:23","slug":"was-bluht-uns-am-wochenende","status":"publish","type":"post","link":"https:\/\/flurakus.ch\/wp\/?p=1935","title":{"rendered":"Was bl\u00fcht uns am Wochenende?"},"content":{"rendered":"<p><a title=\"Bl\u00fchender Garten by markusbaumgartner, on Flickr\" href=\"http:\/\/www.flickr.com\/photos\/markusbaumgartner\/4525617295\/\"><img loading=\"lazy\" decoding=\"async\" src=\"http:\/\/farm5.static.flickr.com\/4049\/4525617295_3fd92797a5.jpg\" alt=\"Bl\u00fchender Garten\" width=\"500\" height=\"281\" \/><\/a><\/p>\n<p>Auch wenn wir uns angesichts der k\u00fchlen Temperaturen immer noch nicht so richtig mit dem Fr\u00fchling anfreunden wollen: Vergesst nicht, es bl\u00fcht dennoch!<\/p>\n<p>Was bl\u00fcht uns sonst noch an diesem Wochenende?<\/p>\n<p>Die durch die isl\u00e4ndische Aschewolke gestrandeten Flugpassagiere werden viel Geduld haben m\u00fcssen. Zu bedauern sind auch all jene, die in den wohlverdienten Urlaub entfliegen bzw. entfliehen wollten und nun auf ihren Tickets sitzen bleiben.<\/p>\n<p>Ich pers\u00f6nlich freue mich auf den morgigen <a href=\"http:\/\/www.maiak.info\/hans-erni-portrait-internet-aktion\" target=\"_blank\">Hans Erni Event<\/a> als teilnehmender Blogger\/Fotograf\/Twitterer und auf die sch\u00f6n farbigen Sonnenauf- und -unterg\u00e4nge, die uns die Aschewolke angeblich bescheren wird!<\/p>\n","protected":false},"excerpt":{"rendered":"<p>Auch wenn wir uns angesichts der k\u00fchlen Temperaturen immer noch nicht so richtig mit dem Fr\u00fchling anfreunden wollen: Vergesst nicht, es bl\u00fcht dennoch! Was bl\u00fcht uns sonst noch an diesem Wochenende? Die durch die isl\u00e4ndische Aschewolke gestrandeten Flugpassagiere werden viel Geduld haben m\u00fcssen. Zu bedauern sind auch all jene, die in den wohlverdienten Urlaub entfliegen [&hellip;]<\/p>\n","protected":false},"author":2,"featured_media":0,"comment_status":"open","ping_status":"open","sticky":false,"template":"","format":"standard","meta":{"footnotes":""},"categories":[20,301],"tags":[409,244,410],"class_list":["post-1935","post","type-post","status-publish","format-standard","hentry","category-kunst-kultur","category-natur-tiere","tag-asche","tag-fruhling","tag-hans-erni"],"_links":{"self":[{"href":"https:\/\/flurakus.ch\/wp\/index.php?rest_route=\/wp\/v2\/posts\/1935","targetHints":{"allow":["GET"]}}],"collection":[{"href":"https:\/\/flurakus.ch\/wp\/index.php?rest_route=\/wp\/v2\/posts"}],"about":[{"href":"https:\/\/flurakus.ch\/wp\/index.php?rest_route=\/wp\/v2\/types\/post"}],"author":[{"embeddable":true,"href":"https:\/\/flurakus.ch\/wp\/index.php?rest_route=\/wp\/v2\/users\/2"}],"replies":[{"embeddable":true,"href":"https:\/\/flurakus.ch\/wp\/index.php?rest_route=%2Fwp%2Fv2%2Fcomments&post=1935"}],"version-history":[{"count":3,"href":"https:\/\/flurakus.ch\/wp\/index.php?rest_route=\/wp\/v2\/posts\/1935\/revisions"}],"predecessor-version":[{"id":1938,"href":"https:\/\/flurakus.ch\/wp\/index.php?rest_route=\/wp\/v2\/posts\/1935\/revisions\/1938"}],"wp:attachment":[{"href":"https:\/\/flurakus.ch\/wp\/index.php?rest_route=%2Fwp%2Fv2%2Fmedia&parent=1935"}],"wp:term":[{"taxonomy":"category","embeddable":true,"href":"https:\/\/flurakus.ch\/wp\/index.php?rest_route=%2Fwp%2Fv2%2Fcategories&post=1935"},{"taxonomy":"post_tag","embeddable":true,"href":"https:\/\/flurakus.ch\/wp\/index.php?rest_route=%2Fwp%2Fv2%2Ftags&post=1935"}],"curies":[{"name":"wp","href":"https:\/\/api.w.org\/{rel}","templated":true}]}}