{"id":1387,"date":"2009-11-22T23:17:10","date_gmt":"2009-11-22T22:17:10","guid":{"rendered":"http:\/\/flurakus.ch\/wp\/?p=1387"},"modified":"2009-11-22T23:17:10","modified_gmt":"2009-11-22T22:17:10","slug":"ein-kuhner-vorstoss","status":"publish","type":"post","link":"https:\/\/flurakus.ch\/wp\/?p=1387","title":{"rendered":"Ein k\u00fchner Vorstoss"},"content":{"rendered":"<p><a title=\"Tulpen im Herbst by markusbaumgartner, on Flickr\" href=\"http:\/\/www.flickr.com\/photos\/markusbaumgartner\/4126184774\/\"><img loading=\"lazy\" decoding=\"async\" src=\"http:\/\/farm3.static.flickr.com\/2604\/4126184774_cb2a93d5e0.jpg\" alt=\"Tulpen im Herbst\" width=\"500\" height=\"282\" \/><\/a><\/p>\n<p>Vor gut einem Jahr hatten wir draussen vor der Terrasse ein paar Tulpen gesetzt, welche im Fr\u00fchling das Licht der Welt erblickten. Ihr Wachstum ist in einer <a href=\"http:\/\/flurakus.ch\/wp\/?page_id=646\">Bildserie<\/a> verewigt.<\/p>\n<p>Nach dem Verbl\u00fchen haben wir uns nicht mehr gross ums Blumenbeet gek\u00fcmmert und liessen Moos &amp; Gras dar\u00fcber wachsen. Doch vor ein paar Tagen entdeckten wir zuf\u00e4llig und zu unserem grossen Erstaunen, dass die Tulpen bereits ein halbes Jahr sp\u00e4ter erneut zu spriessen begannen. Normalerweise wachsen sie doch erst wieder im Fr\u00fchling?<\/p>\n<p>War der Herbst &#8220;zu&#8221; warm? Keine Ahnung, wir sind weder Klimaforscher noch Botaniker. Wir gehen aber davon aus, dass die Tulpen ihren k\u00fchnen Vorstoss nicht \u00fcberleben werden. Nun heisst es: Gr\u00fcnen Daumen dr\u00fccken!<\/p>\n","protected":false},"excerpt":{"rendered":"<p>Vor gut einem Jahr hatten wir draussen vor der Terrasse ein paar Tulpen gesetzt, welche im Fr\u00fchling das Licht der Welt erblickten. Ihr Wachstum ist in einer Bildserie verewigt. Nach dem Verbl\u00fchen haben wir uns nicht mehr gross ums Blumenbeet gek\u00fcmmert und liessen Moos &amp; Gras dar\u00fcber wachsen. Doch vor ein paar Tagen entdeckten wir [&hellip;]<\/p>\n","protected":false},"author":2,"featured_media":0,"comment_status":"open","ping_status":"open","sticky":false,"template":"","format":"standard","meta":{"footnotes":""},"categories":[301],"tags":[230],"class_list":["post-1387","post","type-post","status-publish","format-standard","hentry","category-natur-tiere","tag-tulpe"],"_links":{"self":[{"href":"https:\/\/flurakus.ch\/wp\/index.php?rest_route=\/wp\/v2\/posts\/1387","targetHints":{"allow":["GET"]}}],"collection":[{"href":"https:\/\/flurakus.ch\/wp\/index.php?rest_route=\/wp\/v2\/posts"}],"about":[{"href":"https:\/\/flurakus.ch\/wp\/index.php?rest_route=\/wp\/v2\/types\/post"}],"author":[{"embeddable":true,"href":"https:\/\/flurakus.ch\/wp\/index.php?rest_route=\/wp\/v2\/users\/2"}],"replies":[{"embeddable":true,"href":"https:\/\/flurakus.ch\/wp\/index.php?rest_route=%2Fwp%2Fv2%2Fcomments&post=1387"}],"version-history":[{"count":4,"href":"https:\/\/flurakus.ch\/wp\/index.php?rest_route=\/wp\/v2\/posts\/1387\/revisions"}],"predecessor-version":[{"id":1391,"href":"https:\/\/flurakus.ch\/wp\/index.php?rest_route=\/wp\/v2\/posts\/1387\/revisions\/1391"}],"wp:attachment":[{"href":"https:\/\/flurakus.ch\/wp\/index.php?rest_route=%2Fwp%2Fv2%2Fmedia&parent=1387"}],"wp:term":[{"taxonomy":"category","embeddable":true,"href":"https:\/\/flurakus.ch\/wp\/index.php?rest_route=%2Fwp%2Fv2%2Fcategories&post=1387"},{"taxonomy":"post_tag","embeddable":true,"href":"https:\/\/flurakus.ch\/wp\/index.php?rest_route=%2Fwp%2Fv2%2Ftags&post=1387"}],"curies":[{"name":"wp","href":"https:\/\/api.w.org\/{rel}","templated":true}]}}