{"id":1380,"date":"2009-11-22T10:43:31","date_gmt":"2009-11-22T09:43:31","guid":{"rendered":"http:\/\/flurakus.ch\/wp\/?p=1380"},"modified":"2009-11-22T22:41:39","modified_gmt":"2009-11-22T21:41:39","slug":"flurakus-avatarday-in-zh","status":"publish","type":"post","link":"https:\/\/flurakus.ch\/wp\/?p=1380","title":{"rendered":"Flurakus @AvatarDay in ZH"},"content":{"rendered":"<p><a href=\"http:\/\/flurakus.ch\/wp\/wp-content\/uploads\/2009\/11\/flurakus_avatarday.jpg\"><img loading=\"lazy\" decoding=\"async\" class=\"alignnone size-full wp-image-1381\" title=\"flurakus_avatarday\" src=\"http:\/\/flurakus.ch\/wp\/wp-content\/uploads\/2009\/11\/flurakus_avatarday.jpg\" alt=\"flurakus_avatarday\" width=\"500\" height=\"400\" srcset=\"https:\/\/flurakus.ch\/wp\/wp-content\/uploads\/2009\/11\/flurakus_avatarday.jpg 500w, https:\/\/flurakus.ch\/wp\/wp-content\/uploads\/2009\/11\/flurakus_avatarday-300x240.jpg 300w\" sizes=\"auto, (max-width: 500px) 100vw, 500px\" \/><\/a><\/p>\n<p>Gestern nahm Flurakus an <a href=\"http:\/\/twitter.com\/pictura\">Picturas<\/a> Internet-Profilbild-Versch\u00f6nerungs-Aktion &#8220;<a href=\"http:\/\/pictura.ch\/post\/249925589\/avatar-day-am-21-11-in-zurich\">Avatar Day<\/a>&#8221; teil. Entstanden sind dabei eine Reihe von <a href=\"http:\/\/www.flickr.com\/photos\/pictura_ch\/sets\/72157622852243906\/\">Portraits ganz &#8220;normaler&#8221; Menschen<\/a> wie Du und ich.<\/p>\n<p>Und endlich lernte Hobby-Twitter und -Blogger Markus &#8211; Flurina ist bez\u00fcglich &#8220;Postings&#8221; etwas weniger aktiv &#8211; ein paar Gesichter hinter den &#8220;Tweets&#8221; kennen. Wenn auch nur fl\u00fcchtig, aber die Basis f\u00fcr allf\u00e4llige &#8220;Follow-ups&#8221; mit &#8220;Followers&#8221; ist sicherlich gelegt.<\/p>\n","protected":false},"excerpt":{"rendered":"<p>Gestern nahm Flurakus an Picturas Internet-Profilbild-Versch\u00f6nerungs-Aktion &#8220;Avatar Day&#8221; teil. Entstanden sind dabei eine Reihe von Portraits ganz &#8220;normaler&#8221; Menschen wie Du und ich. Und endlich lernte Hobby-Twitter und -Blogger Markus &#8211; Flurina ist bez\u00fcglich &#8220;Postings&#8221; etwas weniger aktiv &#8211; ein paar Gesichter hinter den &#8220;Tweets&#8221; kennen. Wenn auch nur fl\u00fcchtig, aber die Basis f\u00fcr allf\u00e4llige [&hellip;]<\/p>\n","protected":false},"author":2,"featured_media":0,"comment_status":"open","ping_status":"open","sticky":false,"template":"","format":"standard","meta":{"footnotes":""},"categories":[176,269],"tags":[343],"class_list":["post-1380","post","type-post","status-publish","format-standard","hentry","category-fotoimpressionen","category-twitter","tag-avatar-day"],"_links":{"self":[{"href":"https:\/\/flurakus.ch\/wp\/index.php?rest_route=\/wp\/v2\/posts\/1380","targetHints":{"allow":["GET"]}}],"collection":[{"href":"https:\/\/flurakus.ch\/wp\/index.php?rest_route=\/wp\/v2\/posts"}],"about":[{"href":"https:\/\/flurakus.ch\/wp\/index.php?rest_route=\/wp\/v2\/types\/post"}],"author":[{"embeddable":true,"href":"https:\/\/flurakus.ch\/wp\/index.php?rest_route=\/wp\/v2\/users\/2"}],"replies":[{"embeddable":true,"href":"https:\/\/flurakus.ch\/wp\/index.php?rest_route=%2Fwp%2Fv2%2Fcomments&post=1380"}],"version-history":[{"count":5,"href":"https:\/\/flurakus.ch\/wp\/index.php?rest_route=\/wp\/v2\/posts\/1380\/revisions"}],"predecessor-version":[{"id":1386,"href":"https:\/\/flurakus.ch\/wp\/index.php?rest_route=\/wp\/v2\/posts\/1380\/revisions\/1386"}],"wp:attachment":[{"href":"https:\/\/flurakus.ch\/wp\/index.php?rest_route=%2Fwp%2Fv2%2Fmedia&parent=1380"}],"wp:term":[{"taxonomy":"category","embeddable":true,"href":"https:\/\/flurakus.ch\/wp\/index.php?rest_route=%2Fwp%2Fv2%2Fcategories&post=1380"},{"taxonomy":"post_tag","embeddable":true,"href":"https:\/\/flurakus.ch\/wp\/index.php?rest_route=%2Fwp%2Fv2%2Ftags&post=1380"}],"curies":[{"name":"wp","href":"https:\/\/api.w.org\/{rel}","templated":true}]}}