{"id":12308,"date":"2018-11-21T21:09:43","date_gmt":"2018-11-21T20:09:43","guid":{"rendered":"http:\/\/flurakus.ch\/wp\/?p=12308"},"modified":"2018-11-21T21:26:37","modified_gmt":"2018-11-21T20:26:37","slug":"social-media-detox-erkenntnisse","status":"publish","type":"post","link":"https:\/\/flurakus.ch\/wp\/?p=12308","title":{"rendered":"Social Media Detox &#8211; Erkenntnisse"},"content":{"rendered":"<p><img loading=\"lazy\" decoding=\"async\" class=\"alignnone size-full wp-image-12313\" src=\"http:\/\/flurakus.ch\/wp\/wp-content\/uploads\/2018\/11\/socialmediadetox.jpg\" alt=\"\" width=\"1600\" height=\"900\" srcset=\"https:\/\/flurakus.ch\/wp\/wp-content\/uploads\/2018\/11\/socialmediadetox.jpg 1600w, https:\/\/flurakus.ch\/wp\/wp-content\/uploads\/2018\/11\/socialmediadetox-300x169.jpg 300w, https:\/\/flurakus.ch\/wp\/wp-content\/uploads\/2018\/11\/socialmediadetox-768x432.jpg 768w, https:\/\/flurakus.ch\/wp\/wp-content\/uploads\/2018\/11\/socialmediadetox-1024x576.jpg 1024w\" sizes=\"auto, (max-width: 1600px) 100vw, 1600px\" \/><\/p>\n<p>An einem sch\u00f6nen Sommerabend im August 2018 beschloss ich, die Smartphone Apps sowie die Browser Favoriten von <em>Facebook<\/em>, <em>Instagram<\/em> und <em>Twitter<\/em> zu entfernen. Die Konten liess ich weiterhin aktiv, ich wollte sie bloss nicht mehr nutzen. Auf den ersten Blick schien das ein spontaner Entscheid zu sein, welcher allerdings aus einem lang gehegten Frust resultierte.<\/p>\n<p>Instagram, Twitter und Facebook geh\u00f6rten zu denjenigen sozialen Netzwerken, welche bis zu diesem Zeitpunkt meine gr\u00f6sste Aufmerksamkeit genossen: durch den steten Drang ein neues Foto zu posten, den unendlichen Timelines zu folgen oder sich in trendigen Hashtags zu verlieren.<\/p>\n<p>Mittlerweile war es zu einer richtig schlechten Angewohnheit geworden, in freien Augenblicken reflexartig zum Smartphone zu greifen, um nachzusehen, was in der Zwischenzeit passiert ist. Oh ja, jede Menge! Aber wie wichtig ist das? Was ist davon relevant? Was lerne ich dabei?<\/p>\n<p>Um das herauszufinden, gab es f\u00fcr mich nur die harte Tour: Darauf verzichten und zwar ab sofort. Unangek\u00fcndigt. Konsequent.<\/p>\n<p><!--more-->Das klappte in den folgenden Tagen erstaunlich gut. Nach einer Weile begann ich der Familie, Freunden und Bekannten von meinem &#8220;kalten Entzug&#8221; zu erz\u00e4hlen. Das l\u00f6ste bisweilen grosses Staunen und interessante Gespr\u00e4che \u00fcber Sinn und Unsinn der sozialen Medien aus.<\/p>\n<p>Drei, vier Wochen ging das munter so weiter. Die frei gewordene Zeit nutzte ich, um Zeitungsartikel eingehender zu studieren oder gar in B\u00fcchern zu st\u00f6bern. Alles nat\u00fcrlich weiterhin online und voll digital. Mit meinem Social Media Detox wollte ich ja nicht gleich die digitale Technologie als Ganzes in Frage stellen, sondern bloss einen Teilaspekt davon.<\/p>\n<p>Gegen Ende September beendete ich das Experiment in etwa so schnell und spontan, wie ich es begonnen hatte. Interessant ist, dass mich w\u00e4hrend dieser Zeit nur eine Person von sich aus darauf ansprach, warum ich bei Twitter so lange nichts mehr ver\u00f6ffentlicht h\u00e4tte. Offenbar muss man bei Social Media l\u00e4nger als einen Monat Pause machen, bis man wirklich vermisst wird und sich die Leute melden. Das ist kein Vorwurf, sondern bloss eine Feststellung.<\/p>\n<p>Doch was habe ich aus meiner Sicht w\u00e4hrend der Abwesenheit konkret vermisst? Ich stellte fest, wie wichtig Twitter bei meiner Suche nach Informationen ist und diesbez\u00fcglich Konkurrenz zu Google geworden ist. Instagram ist und bleibt f\u00fcr mich ein wichtiges Medium, wenn es darum geht, meine Fotos und Kreationen einer breiten \u00d6ffentlichkeit zug\u00e4nglich zu machen.<\/p>\n<p>Und Facebook? Na ja&#8230; da habe ich nat\u00fcrlich all die Eintr\u00e4ge meiner lieben Freunde verpasst. Allerdings ist die Timeline dort schon seit geraumer Zeit vorwiegend mit unpers\u00f6nlichen und vorsortierten Inhalten \u00fcberflutet, so dass mir Facebook schon vor dem Detox nicht mehr so enorm Spass machte.<\/p>\n<p>Wie weiter? Hmm&#8230; Seither hat sich der reflexartige Griff zum Smartphone etwas reduziert. Und wenn er wieder \u00fcberhand nehmen sollte, steht es mir frei, jederzeit wieder eine Pause einzulegen.<\/p>\n","protected":false},"excerpt":{"rendered":"<p>An einem sch\u00f6nen Sommerabend im August 2018 beschloss ich, die Smartphone Apps sowie die Browser Favoriten von Facebook, Instagram und Twitter zu entfernen. Die Konten liess ich weiterhin aktiv, ich wollte sie bloss nicht mehr nutzen. Auf den ersten Blick schien das ein spontaner Entscheid zu sein, welcher allerdings aus einem lang gehegten Frust resultierte. [&hellip;]<\/p>\n","protected":false},"author":2,"featured_media":0,"comment_status":"open","ping_status":"open","sticky":false,"template":"","format":"standard","meta":{"footnotes":""},"categories":[4,504],"tags":[800,217,491,801,764],"class_list":["post-12308","post","type-post","status-publish","format-standard","hentry","category-in-eigener-sache","category-social-networking","tag-detox","tag-facebook","tag-instagram","tag-social-media","tag-twitter"],"_links":{"self":[{"href":"https:\/\/flurakus.ch\/wp\/index.php?rest_route=\/wp\/v2\/posts\/12308","targetHints":{"allow":["GET"]}}],"collection":[{"href":"https:\/\/flurakus.ch\/wp\/index.php?rest_route=\/wp\/v2\/posts"}],"about":[{"href":"https:\/\/flurakus.ch\/wp\/index.php?rest_route=\/wp\/v2\/types\/post"}],"author":[{"embeddable":true,"href":"https:\/\/flurakus.ch\/wp\/index.php?rest_route=\/wp\/v2\/users\/2"}],"replies":[{"embeddable":true,"href":"https:\/\/flurakus.ch\/wp\/index.php?rest_route=%2Fwp%2Fv2%2Fcomments&post=12308"}],"version-history":[{"count":14,"href":"https:\/\/flurakus.ch\/wp\/index.php?rest_route=\/wp\/v2\/posts\/12308\/revisions"}],"predecessor-version":[{"id":12323,"href":"https:\/\/flurakus.ch\/wp\/index.php?rest_route=\/wp\/v2\/posts\/12308\/revisions\/12323"}],"wp:attachment":[{"href":"https:\/\/flurakus.ch\/wp\/index.php?rest_route=%2Fwp%2Fv2%2Fmedia&parent=12308"}],"wp:term":[{"taxonomy":"category","embeddable":true,"href":"https:\/\/flurakus.ch\/wp\/index.php?rest_route=%2Fwp%2Fv2%2Fcategories&post=12308"},{"taxonomy":"post_tag","embeddable":true,"href":"https:\/\/flurakus.ch\/wp\/index.php?rest_route=%2Fwp%2Fv2%2Ftags&post=12308"}],"curies":[{"name":"wp","href":"https:\/\/api.w.org\/{rel}","templated":true}]}}