{"id":12115,"date":"2017-05-12T15:54:59","date_gmt":"2017-05-12T14:54:59","guid":{"rendered":"http:\/\/flurakus.ch\/wp\/?p=12115"},"modified":"2017-05-15T16:04:32","modified_gmt":"2017-05-15T15:04:32","slug":"eindrucke-von-der-republica-2017","status":"publish","type":"post","link":"https:\/\/flurakus.ch\/wp\/?p=12115","title":{"rendered":"Eindr\u00fccke von der re:publica 2017"},"content":{"rendered":"<p><a title=\"Impressionen republica und Media Convention 2017\" href=\"https:\/\/www.flickr.com\/photos\/markusbaumgartner\/albums\/72157683729239085\" target=\"_blank\" rel=\"noopener noreferrer\"><img loading=\"lazy\" decoding=\"async\" src=\"https:\/\/c1.staticflickr.com\/5\/4187\/33769697374_00e3efc6da_h.jpg\" alt=\"Impressionen republica und Media Convention 2017\" width=\"1600\" height=\"1067\" \/><br \/>\n<\/a><br \/>\nAuch wenn das Motto &#8220;Love Out Loud&#8221; der diesj\u00e4hrigen <a href=\"https:\/\/re-publica.com\" target=\"_blank\" rel=\"noopener noreferrer\">re:publica<\/a> in Berlin auf Positivismus ausgerichtet war, kamen jede Menge ernste Themen auf den Tisch. So sprachen in der Keynote gleich vier Journalisten aus L\u00e4ndern, welche die Pressefreiheit unterdr\u00fccken.<\/p>\n<p>Wie schon in den Vorjahren fand die dreit\u00e4gige Veranstaltung zusammen mit der <a href=\"https:\/\/re-publica.com\/de\/17\/media-convention-berlin\" target=\"_blank\" rel=\"noopener noreferrer\">Media Convention<\/a> in der Station beim Gleisdreieck statt. Eine stimmungsvolle Location, die alleine eigentlich schon einen Besuch rechtfertigt :-)<\/p>\n<p>F\u00fcr mich war es die dritte Teilnahme an einer re:publica (<a href=\"http:\/\/flurakus.ch\/wp\/?p=11979\">2016<\/a>, <a href=\"http:\/\/flurakus.ch\/wp\/?p=11364\">2013<\/a>). Meine Motivation sind die vielf\u00e4ltigen Sessions, das Treffen von Leuten w\u00e4hrend und am Rande des Events sowie jede Menge Gelegenheiten, bunte Fotos zu schiessen. Eine Auswahl davon ist auf Flickr im Album &#8220;<a href=\"https:\/\/www.flickr.com\/photos\/markusbaumgartner\/albums\/72157683729239085\" target=\"_blank\" rel=\"noopener noreferrer\">re:publica 2017 #rp17<\/a>&#8221; zu finden. Viel Spass :-)<\/p>\n","protected":false},"excerpt":{"rendered":"<p>Auch wenn das Motto &#8220;Love Out Loud&#8221; der diesj\u00e4hrigen re:publica in Berlin auf Positivismus ausgerichtet war, kamen jede Menge ernste Themen auf den Tisch. So sprachen in der Keynote gleich vier Journalisten aus L\u00e4ndern, welche die Pressefreiheit unterdr\u00fccken. Wie schon in den Vorjahren fand die dreit\u00e4gige Veranstaltung zusammen mit der Media Convention in der Station [&hellip;]<\/p>\n","protected":false},"author":2,"featured_media":0,"comment_status":"open","ping_status":"open","sticky":false,"template":"","format":"standard","meta":{"footnotes":""},"categories":[176,504],"tags":[324,781,780],"class_list":["post-12115","post","type-post","status-publish","format-standard","hentry","category-fotoimpressionen","category-social-networking","tag-berlin","tag-mcb17","tag-rp17"],"_links":{"self":[{"href":"https:\/\/flurakus.ch\/wp\/index.php?rest_route=\/wp\/v2\/posts\/12115","targetHints":{"allow":["GET"]}}],"collection":[{"href":"https:\/\/flurakus.ch\/wp\/index.php?rest_route=\/wp\/v2\/posts"}],"about":[{"href":"https:\/\/flurakus.ch\/wp\/index.php?rest_route=\/wp\/v2\/types\/post"}],"author":[{"embeddable":true,"href":"https:\/\/flurakus.ch\/wp\/index.php?rest_route=\/wp\/v2\/users\/2"}],"replies":[{"embeddable":true,"href":"https:\/\/flurakus.ch\/wp\/index.php?rest_route=%2Fwp%2Fv2%2Fcomments&post=12115"}],"version-history":[{"count":15,"href":"https:\/\/flurakus.ch\/wp\/index.php?rest_route=\/wp\/v2\/posts\/12115\/revisions"}],"predecessor-version":[{"id":12130,"href":"https:\/\/flurakus.ch\/wp\/index.php?rest_route=\/wp\/v2\/posts\/12115\/revisions\/12130"}],"wp:attachment":[{"href":"https:\/\/flurakus.ch\/wp\/index.php?rest_route=%2Fwp%2Fv2%2Fmedia&parent=12115"}],"wp:term":[{"taxonomy":"category","embeddable":true,"href":"https:\/\/flurakus.ch\/wp\/index.php?rest_route=%2Fwp%2Fv2%2Fcategories&post=12115"},{"taxonomy":"post_tag","embeddable":true,"href":"https:\/\/flurakus.ch\/wp\/index.php?rest_route=%2Fwp%2Fv2%2Ftags&post=12115"}],"curies":[{"name":"wp","href":"https:\/\/api.w.org\/{rel}","templated":true}]}}