{"id":11979,"date":"2016-05-06T07:36:35","date_gmt":"2016-05-06T06:36:35","guid":{"rendered":"http:\/\/flurakus.ch\/wp\/?p=11979"},"modified":"2016-05-06T09:57:58","modified_gmt":"2016-05-06T08:57:58","slug":"blick-zuruck-auf-die-republica-2016","status":"publish","type":"post","link":"https:\/\/flurakus.ch\/wp\/?p=11979","title":{"rendered":"Blick zur\u00fcck auf die re:publica 2016"},"content":{"rendered":"<p><a title=\"re:publica 2016 Berlin Marcus Beckedahl\" href=\"https:\/\/www.flickr.com\/photos\/markusbaumgartner\/26804032236\/in\/album-72157667919233406\/\" data-flickr-embed=\"true\"><img loading=\"lazy\" decoding=\"async\" src=\"https:\/\/farm8.staticflickr.com\/7130\/26804032236_0bc1515ce6_b.jpg\" alt=\"re:publica 2016 Berlin Marcus Beckedahl\" width=\"1024\" height=\"683\" \/><\/a><script src=\"\/\/embedr.flickr.com\/assets\/client-code.js\" async=\"\" charset=\"utf-8\"><\/script><br \/>\nVor drei Jahren besuchte ich zum ersten Mal die \u201ere:publica\u201c in Berlin und <a href=\"http:\/\/flurakus.ch\/wp\/?p=11364\" target=\"_blank\">war fasziniert<\/a> von der Vielzahl an Themen, welche referiert und diskutiert wurden. Das war auch in der Ausgabe 2016 nicht anders. Hinzu kam, dass <a href=\"https:\/\/re-publica.de\/\" target=\"_blank\">dieser Anlass<\/a> sein nun schon zehnj\u00e4hriges Jubil\u00e4um feierte.<\/p>\n<p>An den drei Tagen vom 2. bis 4. Mai besuchte ich rund 20 Sessions der #rpTEN. Am meisten Eindruck hinterliessen bei mir die folgenden Beitr\u00e4ge:<\/p>\n<p>\u201e<a href=\"https:\/\/re-publica.de\/16\/session\/fourth-revolution\" target=\"_blank\">The Fourth Revolution<\/a>\u201c: Luciano Floridi von der Universit\u00e4t in Oxford betonte die Wichtigkeit von Verschl\u00fcsselung zur Wahrung der menschlichen W\u00fcrde. Dazu passte, dass der an der #repTEN in vielen Sessions referenzierte Whistleblower Edward Snowden per Videoconferencing live aus Russland zur Diskussion hinzu geschaltet wurde. Entsprechend gross war auch das <a href=\"https:\/\/flic.kr\/p\/Gtvc1h\" target=\"_blank\">Publikumsinteresse<\/a>.<\/p>\n<p>\u201e<a href=\"https:\/\/re-publica.de\/16\/session\/what-behind-new-migrations-massive-loss-habitat\" target=\"_blank\">What is behind the new Migrations: A Massive Loss of Habitat<\/a>&#8220;: Saskia Sassen von der Columbia University zeigte auf, dass viele der aktuellen globalen Migrations-Bewegungen nicht nur durch Kriege ausgel\u00f6st werden. Ausgetrocknete Seen oder unbrauchbares Ackerland f\u00fchren dazu, dass Hunderttausende von Menschen ihre Zukunft anderswo suchen.<\/p>\n<p>\u201e<a href=\"https:\/\/re-publica.de\/16\/session\/new-dimensions-and-perspectives-art-vr\" target=\"_blank\">New dimensions and perspectives of Art in VR<\/a>\u201c: Dem Thema Virtual Reality (VR) war an der diesj\u00e4hrigen re:publica ein ganzer <a href=\"https:\/\/flic.kr\/p\/GQDh7y\" target=\"_blank\">Geb\u00e4udekomplex<\/a> gewidmet. Sara Lisa Vogl aus Hamburg hat zusammen mit verschiedenen K\u00fcnstlerinnen und K\u00fcnstlern eine VR Art Gallery initiiert und stellte das Projekt \u201e<a href=\"http:\/\/www.lucidtrips.com\/\" target=\"_blank\">Lucid Trips<\/a>\u201c vor.<\/p>\n<p>\u201e<a href=\"https:\/\/re-publica.de\/16\/session\/stopping-brain-drain-developing-countries-through-entrepreneurship\" target=\"_blank\">Stopping the Brain Drain in Developing Countries through Entrepreneurship<\/a>\u201c: Drei junge Unternehmerinnen und Unternehmer aus Marokko, \u00c4gypten\u00a0und Kenya\u00a0&#8211; Asta Guerida, Abdelhameed Sharara und Jessica Colaco &#8211; diskutierten unter der Leitung von Kersti Ruth Wissenbach \u00fcber die Chancen, welche sich ihnen und vielen jungen Leuten in ihren Heimatl\u00e4ndern bieten, wenn Innovation und gegenseitige Vernetzung gef\u00f6rdert werden. Aber vor allem gilt: Anpacken!<\/p>\n<p>Diese vier kurzen Beschreibungen von Sessions sind nur ein kleiner Einblick in die Vielfalt des Programms. Fesselnd war zum Beispiel auch die \u201ePredigt\u201c des IT- und Business-Philosophen Gunter Dueck (\u201e<a href=\"https:\/\/youtu.be\/6YhugALYhhQ\" target=\"_blank\">Cargo-Kulte<\/a>\u201c) oder etwa die atemlose Highspeed-Rede der britischen Autorin und Aktivistin Laurie Penny (\u201e<a href=\"http:\/\/www.faz.net\/aktuell\/feuilleton\/buecher\/themen\/laurie-penny-ueber-fanfiction-auf-der-re-publica-14216152.html\" target=\"_blank\">Change The Story, Change The World<\/a>\u201c).<\/p>\n<p>Meine fotografischen Eindr\u00fccke von der #repTEN sind in <a href=\"https:\/\/flic.kr\/s\/aHskzxGrHy\" target=\"_blank\">diesem Flickr-Album<\/a> zu finden.<\/p>\n<p>P.S. I: Besten Dank an Yves, Claudia, Bettina, Roger, Nicola, Mattia und Silvan, welche entweder geplant, spontan oder gar zuf\u00e4llig an jeweils einem der drei Abenden mit mir Essen kamen bzw. mich dazu motiviert haben. Das war lustig.<\/p>\n<p>P.S. II: Wie gross ist die Wahrscheinlichkeit, dass eine fremde Person unter 8000 Teilnehmenden einem zu zwei unterschiedlichen Zeitpunkten ins Foto l\u00e4uft? Siehe <a href=\"https:\/\/flic.kr\/p\/GKnELQ\" target=\"_blank\">hier<\/a> und <a href=\"https:\/\/flic.kr\/p\/FYbB4y\" target=\"_blank\">hier<\/a>.<\/p>\n","protected":false},"excerpt":{"rendered":"<p>Vor drei Jahren besuchte ich zum ersten Mal die \u201ere:publica\u201c in Berlin und war fasziniert von der Vielzahl an Themen, welche referiert und diskutiert wurden. Das war auch in der Ausgabe 2016 nicht anders. Hinzu kam, dass dieser Anlass sein nun schon zehnj\u00e4hriges Jubil\u00e4um feierte. An den drei Tagen vom 2. bis 4. Mai besuchte [&hellip;]<\/p>\n","protected":false},"author":2,"featured_media":0,"comment_status":"open","ping_status":"open","sticky":false,"template":"","format":"standard","meta":{"footnotes":""},"categories":[176,67,504],"tags":[699,771],"class_list":["post-11979","post","type-post","status-publish","format-standard","hentry","category-fotoimpressionen","category-medienkritik","category-social-networking","tag-republica","tag-rpten"],"_links":{"self":[{"href":"https:\/\/flurakus.ch\/wp\/index.php?rest_route=\/wp\/v2\/posts\/11979","targetHints":{"allow":["GET"]}}],"collection":[{"href":"https:\/\/flurakus.ch\/wp\/index.php?rest_route=\/wp\/v2\/posts"}],"about":[{"href":"https:\/\/flurakus.ch\/wp\/index.php?rest_route=\/wp\/v2\/types\/post"}],"author":[{"embeddable":true,"href":"https:\/\/flurakus.ch\/wp\/index.php?rest_route=\/wp\/v2\/users\/2"}],"replies":[{"embeddable":true,"href":"https:\/\/flurakus.ch\/wp\/index.php?rest_route=%2Fwp%2Fv2%2Fcomments&post=11979"}],"version-history":[{"count":7,"href":"https:\/\/flurakus.ch\/wp\/index.php?rest_route=\/wp\/v2\/posts\/11979\/revisions"}],"predecessor-version":[{"id":11986,"href":"https:\/\/flurakus.ch\/wp\/index.php?rest_route=\/wp\/v2\/posts\/11979\/revisions\/11986"}],"wp:attachment":[{"href":"https:\/\/flurakus.ch\/wp\/index.php?rest_route=%2Fwp%2Fv2%2Fmedia&parent=11979"}],"wp:term":[{"taxonomy":"category","embeddable":true,"href":"https:\/\/flurakus.ch\/wp\/index.php?rest_route=%2Fwp%2Fv2%2Fcategories&post=11979"},{"taxonomy":"post_tag","embeddable":true,"href":"https:\/\/flurakus.ch\/wp\/index.php?rest_route=%2Fwp%2Fv2%2Ftags&post=11979"}],"curies":[{"name":"wp","href":"https:\/\/api.w.org\/{rel}","templated":true}]}}