{"id":11913,"date":"2015-08-08T10:25:56","date_gmt":"2015-08-08T09:25:56","guid":{"rendered":"http:\/\/flurakus.ch\/wp\/?p=11913"},"modified":"2015-08-08T10:25:56","modified_gmt":"2015-08-08T09:25:56","slug":"streetart-in-belgrad","status":"publish","type":"post","link":"https:\/\/flurakus.ch\/wp\/?p=11913","title":{"rendered":"Streetart in Belgrad"},"content":{"rendered":"<p><a title=\"Streetart Belgrade 2015\" href=\"https:\/\/www.flickr.com\/photos\/markusbaumgartner\/20394174785\/in\/album-72157656929111172\/\" data-flickr-embed=\"true\"><img loading=\"lazy\" decoding=\"async\" src=\"https:\/\/farm1.staticflickr.com\/418\/20394174785_ffe46d0fcf_b.jpg\" alt=\"Streetart Belgrade 2015\" width=\"1024\" height=\"769\" \/><\/a><script src=\"\/\/embedr.flickr.com\/assets\/client-code.js\" async=\"\" charset=\"utf-8\"><\/script><br \/>\n&#8220;Belgrade is the ugliest city in the most beautiful place&#8221;, pflegen die Einheimischen zu sagen. Die serbische Hauptstadt, einerseits malerisch zwischen den Fl\u00fcssen Donau und Sava gelegen, wird andererseits durch bisweilen etwas heruntergekommene Plattenbauten aus der kommunistischen\u00a0Zeiten gepr\u00e4gt. Dies verleiht ihr einen ganz eigenen Charme. Mir hat&#8217;s gefallen.<\/p>\n<p>Letzte Woche war ich an einem Gesch\u00e4ftsanlass dort. Wie andere meiner ArbeitskollegInnen nutzte ich die Gelegenheit und verl\u00e4ngerte den Ausflug auf&#8217;s Wochenende. Wie mittlerweile auf fast jeder St\u00e4dtereise machte ich mich auf die Suche nach Streetart und wurde im Savamala Quartier f\u00fcndig.\u00a0<a href=\"https:\/\/www.flickr.com\/photos\/markusbaumgartner\/sets\/72157656929111172\" target=\"_blank\">Hier ein Blick auf die Fundst\u00fccke &gt;&gt;<\/a><\/p>\n<p>Wer ein bisschen mehr \u00fcber Streetart in Belgrad erfahren m\u00f6chte, dem sei der\u00a0Artikel &#8220;<a href=\"http:\/\/www.belgrader.today\/belgrade-street-art\/\" target=\"_blank\">Belgrade Street Art: Walls that tell stories<\/a>&#8221; empfohlen.<\/p>\n","protected":false},"excerpt":{"rendered":"<p>&#8220;Belgrade is the ugliest city in the most beautiful place&#8221;, pflegen die Einheimischen zu sagen. Die serbische Hauptstadt, einerseits malerisch zwischen den Fl\u00fcssen Donau und Sava gelegen, wird andererseits durch bisweilen etwas heruntergekommene Plattenbauten aus der kommunistischen\u00a0Zeiten gepr\u00e4gt. Dies verleiht ihr einen ganz eigenen Charme. Mir hat&#8217;s gefallen. Letzte Woche war ich an einem Gesch\u00e4ftsanlass [&hellip;]<\/p>\n","protected":false},"author":2,"featured_media":0,"comment_status":"open","ping_status":"open","sticky":false,"template":"","format":"standard","meta":{"footnotes":""},"categories":[20,196],"tags":[757,758],"class_list":["post-11913","post","type-post","status-publish","format-standard","hentry","category-kunst-kultur","category-on-the-road","tag-belgrad","tag-streetart"],"_links":{"self":[{"href":"https:\/\/flurakus.ch\/wp\/index.php?rest_route=\/wp\/v2\/posts\/11913","targetHints":{"allow":["GET"]}}],"collection":[{"href":"https:\/\/flurakus.ch\/wp\/index.php?rest_route=\/wp\/v2\/posts"}],"about":[{"href":"https:\/\/flurakus.ch\/wp\/index.php?rest_route=\/wp\/v2\/types\/post"}],"author":[{"embeddable":true,"href":"https:\/\/flurakus.ch\/wp\/index.php?rest_route=\/wp\/v2\/users\/2"}],"replies":[{"embeddable":true,"href":"https:\/\/flurakus.ch\/wp\/index.php?rest_route=%2Fwp%2Fv2%2Fcomments&post=11913"}],"version-history":[{"count":5,"href":"https:\/\/flurakus.ch\/wp\/index.php?rest_route=\/wp\/v2\/posts\/11913\/revisions"}],"predecessor-version":[{"id":11918,"href":"https:\/\/flurakus.ch\/wp\/index.php?rest_route=\/wp\/v2\/posts\/11913\/revisions\/11918"}],"wp:attachment":[{"href":"https:\/\/flurakus.ch\/wp\/index.php?rest_route=%2Fwp%2Fv2%2Fmedia&parent=11913"}],"wp:term":[{"taxonomy":"category","embeddable":true,"href":"https:\/\/flurakus.ch\/wp\/index.php?rest_route=%2Fwp%2Fv2%2Fcategories&post=11913"},{"taxonomy":"post_tag","embeddable":true,"href":"https:\/\/flurakus.ch\/wp\/index.php?rest_route=%2Fwp%2Fv2%2Ftags&post=11913"}],"curies":[{"name":"wp","href":"https:\/\/api.w.org\/{rel}","templated":true}]}}