{"id":1189,"date":"2009-10-05T18:52:30","date_gmt":"2009-10-05T17:52:30","guid":{"rendered":"http:\/\/flurakus.ch\/wp\/?p=1189"},"modified":"2009-10-05T18:53:58","modified_gmt":"2009-10-05T17:53:58","slug":"abendstimmung-uber-zurich","status":"publish","type":"post","link":"https:\/\/flurakus.ch\/wp\/?p=1189","title":{"rendered":"Abendstimmung \u00fcber Z\u00fcrich"},"content":{"rendered":"<div style=\"text-align: left; padding: 3px;\"><a title=\"photo sharing\" href=\"http:\/\/www.flickr.com\/photos\/markusbaumgartner\/3984665754\/\"><img decoding=\"async\" src=\"http:\/\/farm4.static.flickr.com\/3448\/3984665754_fa0af81ba3.jpg\" alt=\"\" \/><\/a><\/p>\n<p><span style=\"font-size: 0.8em; margin-top: 0px;\"><a href=\"http:\/\/www.flickr.com\/photos\/markusbaumgartner\/3984665754\/\">Abendstimmung \u00fcber Z\u00fcrich<\/a>, originally uploaded by <a href=\"http:\/\/www.flickr.com\/people\/markusbaumgartner\/\">markusbaumgartner<\/a>.<\/span><\/div>\n<p>In Z\u00fcrich-West wird momentan so einiges gebaut. Doch viel &#8220;erbaulicher&#8221; als die Kr\u00e4ne ist die Abendstimmung \u00fcber den Glarner Alpen. Davon kann man nie genug kriegen. Entsprechend werden wir auf diesem Blog hoffentlich noch viele solche Bilder ver\u00f6ffentlichen k\u00f6nnen!<\/p>\n","protected":false},"excerpt":{"rendered":"<p>Abendstimmung \u00fcber Z\u00fcrich, originally uploaded by markusbaumgartner. In Z\u00fcrich-West wird momentan so einiges gebaut. Doch viel &#8220;erbaulicher&#8221; als die Kr\u00e4ne ist die Abendstimmung \u00fcber den Glarner Alpen. Davon kann man nie genug kriegen. Entsprechend werden wir auf diesem Blog hoffentlich noch viele solche Bilder ver\u00f6ffentlichen k\u00f6nnen!<\/p>\n","protected":false},"author":2,"featured_media":0,"comment_status":"open","ping_status":"open","sticky":false,"template":"","format":"standard","meta":{"footnotes":""},"categories":[176,221],"tags":[267],"class_list":["post-1189","post","type-post","status-publish","format-standard","hentry","category-fotoimpressionen","category-wetter-jahreszeiten","tag-zurich"],"_links":{"self":[{"href":"https:\/\/flurakus.ch\/wp\/index.php?rest_route=\/wp\/v2\/posts\/1189","targetHints":{"allow":["GET"]}}],"collection":[{"href":"https:\/\/flurakus.ch\/wp\/index.php?rest_route=\/wp\/v2\/posts"}],"about":[{"href":"https:\/\/flurakus.ch\/wp\/index.php?rest_route=\/wp\/v2\/types\/post"}],"author":[{"embeddable":true,"href":"https:\/\/flurakus.ch\/wp\/index.php?rest_route=\/wp\/v2\/users\/2"}],"replies":[{"embeddable":true,"href":"https:\/\/flurakus.ch\/wp\/index.php?rest_route=%2Fwp%2Fv2%2Fcomments&post=1189"}],"version-history":[{"count":2,"href":"https:\/\/flurakus.ch\/wp\/index.php?rest_route=\/wp\/v2\/posts\/1189\/revisions"}],"predecessor-version":[{"id":1191,"href":"https:\/\/flurakus.ch\/wp\/index.php?rest_route=\/wp\/v2\/posts\/1189\/revisions\/1191"}],"wp:attachment":[{"href":"https:\/\/flurakus.ch\/wp\/index.php?rest_route=%2Fwp%2Fv2%2Fmedia&parent=1189"}],"wp:term":[{"taxonomy":"category","embeddable":true,"href":"https:\/\/flurakus.ch\/wp\/index.php?rest_route=%2Fwp%2Fv2%2Fcategories&post=1189"},{"taxonomy":"post_tag","embeddable":true,"href":"https:\/\/flurakus.ch\/wp\/index.php?rest_route=%2Fwp%2Fv2%2Ftags&post=1189"}],"curies":[{"name":"wp","href":"https:\/\/api.w.org\/{rel}","templated":true}]}}