{"id":11715,"date":"2014-04-12T11:11:17","date_gmt":"2014-04-12T10:11:17","guid":{"rendered":"http:\/\/flurakus.ch\/wp\/?p=11715"},"modified":"2014-04-12T11:11:17","modified_gmt":"2014-04-12T10:11:17","slug":"von-bregenz-nach-rheineck","status":"publish","type":"post","link":"https:\/\/flurakus.ch\/wp\/?p=11715","title":{"rendered":"Von Bregenz nach Rheineck"},"content":{"rendered":"<p><a title=\"Rheindelta Bodensee by Markus Baumgartner, on Flickr\" href=\"https:\/\/www.flickr.com\/photos\/markusbaumgartner\/13794524364\"><img loading=\"lazy\" decoding=\"async\" alt=\"Rheindelta Bodensee\" src=\"https:\/\/farm3.staticflickr.com\/2893\/13794524364_b8a68129a0_c.jpg\" width=\"800\" height=\"450\" \/><\/a><\/p>\n<p>Gestern schnappte ich meine Nordic Walking St\u00f6cke und fuhr fr\u00fchmorgens mit dem Zug ins \u00f6sterreichische Bregenz am Bodensee. Mein Plan war, von dort aus nach Rorschach zur\u00fcck in die Schweiz zu wandern.<\/p>\n<p>Der gr\u00f6sste Teil der Route f\u00fchrt durchs weite Rheindelta, ein pr\u00e4chtiges <a href=\"http:\/\/www.rheindelta.com\/\" target=\"_blank\">Naturschutzgebiet<\/a>. Das gefiel mir so gut, dass ich einige Fotostopps einlegte und bei der Rohrspitz Strandanlage eine lange Mittagspause genoss. Die Zeit zerfloss in Muse und ich beschloss, nach 22 km in Rheineck die Wanderung zu beenden.<\/p>\n<p>Die lange, flache Strecke eignet sich \u00fcbrigens auch sehr gut f\u00fcr Radtouren. Wer sich gerne ein paar Eindr\u00fccke von der Landschaft machen will, der werfe doch rasch einen Blick ins Fotoset <a href=\"https:\/\/www.flickr.com\/photos\/markusbaumgartner\/sets\/72157643832142993\/\" target=\"_blank\">&#8220;Rheindelta am Bodensee&#8221; &gt;&gt;<\/a><\/p>\n","protected":false},"excerpt":{"rendered":"<p>Gestern schnappte ich meine Nordic Walking St\u00f6cke und fuhr fr\u00fchmorgens mit dem Zug ins \u00f6sterreichische Bregenz am Bodensee. Mein Plan war, von dort aus nach Rorschach zur\u00fcck in die Schweiz zu wandern. Der gr\u00f6sste Teil der Route f\u00fchrt durchs weite Rheindelta, ein pr\u00e4chtiges Naturschutzgebiet. Das gefiel mir so gut, dass ich einige Fotostopps einlegte und [&hellip;]<\/p>\n","protected":false},"author":2,"featured_media":0,"comment_status":"open","ping_status":"open","sticky":false,"template":"","format":"standard","meta":{"footnotes":""},"categories":[196],"tags":[728,726,727],"class_list":["post-11715","post","type-post","status-publish","format-standard","hentry","category-on-the-road","tag-bodensee","tag-bregenz","tag-rheineck"],"_links":{"self":[{"href":"https:\/\/flurakus.ch\/wp\/index.php?rest_route=\/wp\/v2\/posts\/11715","targetHints":{"allow":["GET"]}}],"collection":[{"href":"https:\/\/flurakus.ch\/wp\/index.php?rest_route=\/wp\/v2\/posts"}],"about":[{"href":"https:\/\/flurakus.ch\/wp\/index.php?rest_route=\/wp\/v2\/types\/post"}],"author":[{"embeddable":true,"href":"https:\/\/flurakus.ch\/wp\/index.php?rest_route=\/wp\/v2\/users\/2"}],"replies":[{"embeddable":true,"href":"https:\/\/flurakus.ch\/wp\/index.php?rest_route=%2Fwp%2Fv2%2Fcomments&post=11715"}],"version-history":[{"count":5,"href":"https:\/\/flurakus.ch\/wp\/index.php?rest_route=\/wp\/v2\/posts\/11715\/revisions"}],"predecessor-version":[{"id":11720,"href":"https:\/\/flurakus.ch\/wp\/index.php?rest_route=\/wp\/v2\/posts\/11715\/revisions\/11720"}],"wp:attachment":[{"href":"https:\/\/flurakus.ch\/wp\/index.php?rest_route=%2Fwp%2Fv2%2Fmedia&parent=11715"}],"wp:term":[{"taxonomy":"category","embeddable":true,"href":"https:\/\/flurakus.ch\/wp\/index.php?rest_route=%2Fwp%2Fv2%2Fcategories&post=11715"},{"taxonomy":"post_tag","embeddable":true,"href":"https:\/\/flurakus.ch\/wp\/index.php?rest_route=%2Fwp%2Fv2%2Ftags&post=11715"}],"curies":[{"name":"wp","href":"https:\/\/api.w.org\/{rel}","templated":true}]}}