{"id":11495,"date":"2013-08-01T15:34:26","date_gmt":"2013-08-01T14:34:26","guid":{"rendered":"http:\/\/flurakus.ch\/wp\/?p=11495"},"modified":"2013-08-01T15:34:26","modified_gmt":"2013-08-01T14:34:26","slug":"musiktipp-salzburger-dommusik","status":"publish","type":"post","link":"https:\/\/flurakus.ch\/wp\/?p=11495","title":{"rendered":"Musiktipp: Salzburger Dommusik"},"content":{"rendered":"<p><a title=\"Salzburger Dommusik by MarkusBaumgartner, on Flickr\" href=\"http:\/\/www.flickr.com\/photos\/markusbaumgartner\/9416535338\/\"><img loading=\"lazy\" decoding=\"async\" alt=\"Salzburger Dommusik\" src=\"http:\/\/farm8.staticflickr.com\/7369\/9416535338_78f9211ea8.jpg\" width=\"500\" height=\"281\" \/><\/a><\/p>\n<p>Auf meiner R\u00fcckreise vom W\u00f6rthersee-Urlaub machte ich am letzten Dienstag noch einen Halt in Salzburg. Ich liess es mir nicht nehmen, am Abend ein klassisches Konzert zu besuchen. Die Salzburger Dommusik f\u00fchrte unter anderem die &#8220;Kr\u00f6nungsmesse&#8221; von W.A. Mozart auf. Und zwar am Ort der Urauff\u00fchrung auf den Kuppelemporen des Domes.<\/p>\n<p>Ein stimmungsvoller Anlass im krassen Gegensatz zu den vielen Technoparties, welche ich zuvor in Velden besuchte ;-) &#8230;<\/p>\n<p><a href=\"http:\/\/www.flickr.com\/photos\/markusbaumgartner\/sets\/72157634889784860\/\" target=\"_blank\">Fotos von der Auff\u00fchrung der Salzburger Dommusik &gt;&gt;<\/a><\/p>\n","protected":false},"excerpt":{"rendered":"<p>Auf meiner R\u00fcckreise vom W\u00f6rthersee-Urlaub machte ich am letzten Dienstag noch einen Halt in Salzburg. Ich liess es mir nicht nehmen, am Abend ein klassisches Konzert zu besuchen. Die Salzburger Dommusik f\u00fchrte unter anderem die &#8220;Kr\u00f6nungsmesse&#8221; von W.A. Mozart auf. Und zwar am Ort der Urauff\u00fchrung auf den Kuppelemporen des Domes. Ein stimmungsvoller Anlass im [&hellip;]<\/p>\n","protected":false},"author":2,"featured_media":0,"comment_status":"open","ping_status":"open","sticky":false,"template":"","format":"standard","meta":{"footnotes":""},"categories":[20],"tags":[709,214,708],"class_list":["post-11495","post","type-post","status-publish","format-standard","hentry","category-kunst-kultur","tag-mozart","tag-musik","tag-salzburger-dommusik"],"_links":{"self":[{"href":"https:\/\/flurakus.ch\/wp\/index.php?rest_route=\/wp\/v2\/posts\/11495","targetHints":{"allow":["GET"]}}],"collection":[{"href":"https:\/\/flurakus.ch\/wp\/index.php?rest_route=\/wp\/v2\/posts"}],"about":[{"href":"https:\/\/flurakus.ch\/wp\/index.php?rest_route=\/wp\/v2\/types\/post"}],"author":[{"embeddable":true,"href":"https:\/\/flurakus.ch\/wp\/index.php?rest_route=\/wp\/v2\/users\/2"}],"replies":[{"embeddable":true,"href":"https:\/\/flurakus.ch\/wp\/index.php?rest_route=%2Fwp%2Fv2%2Fcomments&post=11495"}],"version-history":[{"count":6,"href":"https:\/\/flurakus.ch\/wp\/index.php?rest_route=\/wp\/v2\/posts\/11495\/revisions"}],"predecessor-version":[{"id":11501,"href":"https:\/\/flurakus.ch\/wp\/index.php?rest_route=\/wp\/v2\/posts\/11495\/revisions\/11501"}],"wp:attachment":[{"href":"https:\/\/flurakus.ch\/wp\/index.php?rest_route=%2Fwp%2Fv2%2Fmedia&parent=11495"}],"wp:term":[{"taxonomy":"category","embeddable":true,"href":"https:\/\/flurakus.ch\/wp\/index.php?rest_route=%2Fwp%2Fv2%2Fcategories&post=11495"},{"taxonomy":"post_tag","embeddable":true,"href":"https:\/\/flurakus.ch\/wp\/index.php?rest_route=%2Fwp%2Fv2%2Ftags&post=11495"}],"curies":[{"name":"wp","href":"https:\/\/api.w.org\/{rel}","templated":true}]}}