{"id":10892,"date":"2012-12-02T15:59:21","date_gmt":"2012-12-02T14:59:21","guid":{"rendered":"http:\/\/flurakus.ch\/wp\/?p=10892"},"modified":"2012-12-02T15:59:21","modified_gmt":"2012-12-02T14:59:21","slug":"schnee","status":"publish","type":"post","link":"https:\/\/flurakus.ch\/wp\/?p=10892","title":{"rendered":"Schnee!"},"content":{"rendered":"<p><a class=\"alignleft\" title=\"Schnee an der Limmat by MarkusBaumgartner, on Flickr\" href=\"http:\/\/www.flickr.com\/photos\/markusbaumgartner\/sets\/72157632153990204\/detail\/\" target=\"_blank\"><img loading=\"lazy\" decoding=\"async\" src=\"http:\/\/farm9.staticflickr.com\/8209\/8237189149_c602f56970_m.jpg\" alt=\"Schnee an der Limmat\" width=\"240\" height=\"160\" \/><\/a>Schnee! Fasziniert Jung und Alt. Vor allem auch dann, wenn er an Orten wie in der Stadt Z\u00fcrich f\u00e4llt, wo das in diesem Umfang nicht so h\u00e4ufig vorkommt.<\/p>\n<p>Heute Nachmittag sind wir entlang der Limmat spazieren gegangen und haben ein paar obligate Aufnahmen gemacht. Sie sind nachtr\u00e4glich stark gefiltert, um den Blick aufs Wesentliche zu lenken: die Kontraste zum Schnee.<\/p>\n<p><a href=\"http:\/\/www.flickr.com\/photos\/markusbaumgartner\/sets\/72157632153990204\/detail\/\" target=\"_blank\">Link zum Fotoset &#8220;Schnee an der Limmat&#8221; &gt;&gt;<\/a><\/p>\n","protected":false},"excerpt":{"rendered":"<p>Schnee! Fasziniert Jung und Alt. Vor allem auch dann, wenn er an Orten wie in der Stadt Z\u00fcrich f\u00e4llt, wo das in diesem Umfang nicht so h\u00e4ufig vorkommt. Heute Nachmittag sind wir entlang der Limmat spazieren gegangen und haben ein paar obligate Aufnahmen gemacht. Sie sind nachtr\u00e4glich stark gefiltert, um den Blick aufs Wesentliche zu [&hellip;]<\/p>\n","protected":false},"author":2,"featured_media":0,"comment_status":"open","ping_status":"open","sticky":false,"template":"","format":"standard","meta":{"footnotes":""},"categories":[176],"tags":[335,216],"class_list":["post-10892","post","type-post","status-publish","format-standard","hentry","category-fotoimpressionen","tag-limmat","tag-schnee"],"_links":{"self":[{"href":"https:\/\/flurakus.ch\/wp\/index.php?rest_route=\/wp\/v2\/posts\/10892","targetHints":{"allow":["GET"]}}],"collection":[{"href":"https:\/\/flurakus.ch\/wp\/index.php?rest_route=\/wp\/v2\/posts"}],"about":[{"href":"https:\/\/flurakus.ch\/wp\/index.php?rest_route=\/wp\/v2\/types\/post"}],"author":[{"embeddable":true,"href":"https:\/\/flurakus.ch\/wp\/index.php?rest_route=\/wp\/v2\/users\/2"}],"replies":[{"embeddable":true,"href":"https:\/\/flurakus.ch\/wp\/index.php?rest_route=%2Fwp%2Fv2%2Fcomments&post=10892"}],"version-history":[{"count":3,"href":"https:\/\/flurakus.ch\/wp\/index.php?rest_route=\/wp\/v2\/posts\/10892\/revisions"}],"predecessor-version":[{"id":10895,"href":"https:\/\/flurakus.ch\/wp\/index.php?rest_route=\/wp\/v2\/posts\/10892\/revisions\/10895"}],"wp:attachment":[{"href":"https:\/\/flurakus.ch\/wp\/index.php?rest_route=%2Fwp%2Fv2%2Fmedia&parent=10892"}],"wp:term":[{"taxonomy":"category","embeddable":true,"href":"https:\/\/flurakus.ch\/wp\/index.php?rest_route=%2Fwp%2Fv2%2Fcategories&post=10892"},{"taxonomy":"post_tag","embeddable":true,"href":"https:\/\/flurakus.ch\/wp\/index.php?rest_route=%2Fwp%2Fv2%2Ftags&post=10892"}],"curies":[{"name":"wp","href":"https:\/\/api.w.org\/{rel}","templated":true}]}}