{"id":10883,"date":"2012-11-25T10:12:55","date_gmt":"2012-11-25T09:12:55","guid":{"rendered":"http:\/\/flurakus.ch\/wp\/?p=10883"},"modified":"2012-11-25T10:12:55","modified_gmt":"2012-11-25T09:12:55","slug":"posieren-fur-den-avatarday","status":"publish","type":"post","link":"https:\/\/flurakus.ch\/wp\/?p=10883","title":{"rendered":"Posieren f\u00fcr den #Avatarday"},"content":{"rendered":"<p><a title=\"Posing am Avatarday by MarkusBaumgartner, on Flickr\" href=\"http:\/\/www.flickr.com\/photos\/markusbaumgartner\/8215595081\/\"><img loading=\"lazy\" decoding=\"async\" src=\"http:\/\/farm9.staticflickr.com\/8201\/8215595081_8e5e07e771.jpg\" alt=\"Posing am Avatarday\" width=\"500\" height=\"167\" \/><\/a><\/p>\n<p>Wenn Barbara alias @pictura zum j\u00e4hrlichen Posieren ruft, dann str\u00f6men wir in Scharen nach Bern. So auch diesmal, anl\u00e4sslich des bereits zum vierten Mal stattfindenden <a href=\"http:\/\/www.pictura.ch\/2012\/11\/07\/avatarday-4\/\" target=\"_blank\">Avatarday<\/a>.<\/p>\n<p>In fr\u00f6hlicher Stimmung und durch die zahlreichen Sponsoren bestens verpflegt, liessen sich \u00fcber 80 Leute ablichten, um mit neuen, frischen Profilbildern die Timelines von Twitter und Facebook zu versch\u00f6nern.<\/p>\n<p>Das Resultat l\u00e4sst sich sehen! <a href=\"http:\/\/pictura.ch\/avatarday\" target=\"_blank\">Hier ein Link auf die Fotogalerie des Anlasses &gt;&gt;<\/a><\/p>\n<p>Besten Dank den Bildk\u00fcnstlern\u00a0<a href=\"http:\/\/twitter.com\/pictura\" target=\"_blank\">@pictura<\/a> und <a href=\"http:\/\/twitter.com\/georgeberle\" target=\"_blank\">@georgeberle<\/a>, den Stylistinnen im Team von <a href=\"http:\/\/claudiadavinci.ch\/\" target=\"_blank\">Claudia<\/a>,\u00a0dem <a href=\"http:\/\/bureauparterre.ch\/\" target=\"_blank\">Bureau Parterre<\/a> f\u00fcr die Gastfreundschaft sowie allen stets fleissigen Helferchen im Hintergrund :-)<\/p>\n","protected":false},"excerpt":{"rendered":"<p>Wenn Barbara alias @pictura zum j\u00e4hrlichen Posieren ruft, dann str\u00f6men wir in Scharen nach Bern. So auch diesmal, anl\u00e4sslich des bereits zum vierten Mal stattfindenden Avatarday. In fr\u00f6hlicher Stimmung und durch die zahlreichen Sponsoren bestens verpflegt, liessen sich \u00fcber 80 Leute ablichten, um mit neuen, frischen Profilbildern die Timelines von Twitter und Facebook zu versch\u00f6nern. [&hellip;]<\/p>\n","protected":false},"author":2,"featured_media":0,"comment_status":"open","ping_status":"open","sticky":false,"template":"","format":"standard","meta":{"footnotes":""},"categories":[504],"tags":[506],"class_list":["post-10883","post","type-post","status-publish","format-standard","hentry","category-social-networking","tag-avatarday"],"_links":{"self":[{"href":"https:\/\/flurakus.ch\/wp\/index.php?rest_route=\/wp\/v2\/posts\/10883","targetHints":{"allow":["GET"]}}],"collection":[{"href":"https:\/\/flurakus.ch\/wp\/index.php?rest_route=\/wp\/v2\/posts"}],"about":[{"href":"https:\/\/flurakus.ch\/wp\/index.php?rest_route=\/wp\/v2\/types\/post"}],"author":[{"embeddable":true,"href":"https:\/\/flurakus.ch\/wp\/index.php?rest_route=\/wp\/v2\/users\/2"}],"replies":[{"embeddable":true,"href":"https:\/\/flurakus.ch\/wp\/index.php?rest_route=%2Fwp%2Fv2%2Fcomments&post=10883"}],"version-history":[{"count":6,"href":"https:\/\/flurakus.ch\/wp\/index.php?rest_route=\/wp\/v2\/posts\/10883\/revisions"}],"predecessor-version":[{"id":10889,"href":"https:\/\/flurakus.ch\/wp\/index.php?rest_route=\/wp\/v2\/posts\/10883\/revisions\/10889"}],"wp:attachment":[{"href":"https:\/\/flurakus.ch\/wp\/index.php?rest_route=%2Fwp%2Fv2%2Fmedia&parent=10883"}],"wp:term":[{"taxonomy":"category","embeddable":true,"href":"https:\/\/flurakus.ch\/wp\/index.php?rest_route=%2Fwp%2Fv2%2Fcategories&post=10883"},{"taxonomy":"post_tag","embeddable":true,"href":"https:\/\/flurakus.ch\/wp\/index.php?rest_route=%2Fwp%2Fv2%2Ftags&post=10883"}],"curies":[{"name":"wp","href":"https:\/\/api.w.org\/{rel}","templated":true}]}}